{"id":18412,"date":"2025-09-11T16:07:36","date_gmt":"2025-09-11T14:07:36","guid":{"rendered":"https:\/\/www.svzweckel.de\/?p=18412"},"modified":"2025-12-19T13:54:28","modified_gmt":"2025-12-19T12:54:28","slug":"%f0%9f%9f%a2%e2%9a%ab-schwarz-gruen-anziehen-zweckel-zeigen-%e2%9a%ab%f0%9f%9f%a2","status":"publish","type":"post","link":"https:\/\/www.svzweckel.de\/?p=18412","title":{"rendered":"&#x1f7e2;&#x26ab; Schwarz-Gr\u00fcn anziehen, Zweckel zeigen! &#x26ab;&#x1f7e2;"},"content":{"rendered":"\n<p>Die neuen SV Zweckel Hoodies &amp; Zipper in Kooperation mit <strong>Grubenhelden <\/strong>sind da \u2013 stylisch, bequem und 100 % Schwarz-Gr\u00fcn! &#x1f49a;&#x1f5a4;<\/p>\n\n\n\n<p>&#x1f449; Die Bestellliste liegt ab sofort im Vereinsheim aus.<br \/>&#x1f449; Einfach Name, Gr\u00f6\u00dfe, Erreichbarkeit &amp; Unterschrift eintragen.<br \/>&#x1f449; Gr\u00f6\u00dfen L \u2013 3XL k\u00f6nnt ihr direkt anprobieren.<br \/>&#x1f449; Preis: 75 \u20ac.<\/p>\n\n\n\n<p>Die Lieferung erfolgt voraussichtlich im November!<\/p>\n\n\n\n<figure class=\"wp-block-image size-large\"><img data-recalc-dims=\"1\" loading=\"lazy\" decoding=\"async\" width=\"578\" height=\"800\" src=\"https:\/\/i0.wp.com\/www.svzweckel.de\/wp-content\/uploads\/Hoodie_2-Gross.jpg?resize=578%2C800&#038;ssl=1\" alt=\"\" class=\"wp-image-18363\" srcset=\"https:\/\/i0.wp.com\/www.svzweckel.de\/wp-content\/uploads\/Hoodie_2-Gross.jpg?resize=578%2C800&amp;ssl=1 578w, https:\/\/i0.wp.com\/www.svzweckel.de\/wp-content\/uploads\/Hoodie_2-Gross.jpg?resize=217%2C300&amp;ssl=1 217w, https:\/\/i0.wp.com\/www.svzweckel.de\/wp-content\/uploads\/Hoodie_2-Gross.jpg?resize=108%2C150&amp;ssl=1 108w, https:\/\/i0.wp.com\/www.svzweckel.de\/wp-content\/uploads\/Hoodie_2-Gross.jpg?resize=768%2C1063&amp;ssl=1 768w, https:\/\/i0.wp.com\/www.svzweckel.de\/wp-content\/uploads\/Hoodie_2-Gross.jpg?resize=150%2C208&amp;ssl=1 150w, https:\/\/i0.wp.com\/www.svzweckel.de\/wp-content\/uploads\/Hoodie_2-Gross.jpg?resize=72%2C100&amp;ssl=1 72w, https:\/\/i0.wp.com\/www.svzweckel.de\/wp-content\/uploads\/Hoodie_2-Gross.jpg?resize=36%2C50&amp;ssl=1 36w, https:\/\/i0.wp.com\/www.svzweckel.de\/wp-content\/uploads\/Hoodie_2-Gross.jpg?resize=18%2C25&amp;ssl=1 18w, https:\/\/i0.wp.com\/www.svzweckel.de\/wp-content\/uploads\/Hoodie_2-Gross.jpg?resize=231%2C320&amp;ssl=1 231w, https:\/\/i0.wp.com\/www.svzweckel.de\/wp-content\/uploads\/Hoodie_2-Gross.jpg?resize=87%2C120&amp;ssl=1 87w, https:\/\/i0.wp.com\/www.svzweckel.de\/wp-content\/uploads\/Hoodie_2-Gross.jpg?resize=600%2C831&amp;ssl=1 600w, https:\/\/i0.wp.com\/www.svzweckel.de\/wp-content\/uploads\/Hoodie_2-Gross.jpg?w=780&amp;ssl=1 780w\" sizes=\"auto, (max-width: 578px) 100vw, 578px\" \/><\/figure>\n\n\n\n<p>Sichert euch jetzt euer St\u00fcck <strong>Zweckeler Identit\u00e4t<\/strong> \u2013 perfekt f\u00fcr Stadion, Alltag und Schwarz-Gr\u00fcn im Herzen! &#x1f525;<\/p>\n","protected":false},"excerpt":{"rendered":"<p>Die neuen SV Zweckel Hoodies &amp; Zipper in Kooperation mit Grubenhelden sind da \u2013 stylisch, bequem und 100 % Schwarz-Gr\u00fcn! &#x1f49a;&#x1f5a4; &#x1f449; Die Bestellliste liegt ab sofort im Vereinsheim aus.&#x1f449; Einfach Name, Gr\u00f6\u00dfe, Erreichbarkeit &amp; Unterschrift eintragen.&#x1f449; Gr\u00f6\u00dfen L \u2013 3XL k\u00f6nnt ihr direkt anprobieren.&#x1f449; Preis: 75 \u20ac. Die Lieferung erfolgt voraussichtlich im November! Sichert [&hellip;]<\/p>\n","protected":false},"author":3,"featured_media":18370,"comment_status":"open","ping_status":"","sticky":false,"template":"","format":"standard","meta":{"_jetpack_memberships_contains_paid_content":false,"footnotes":"","jetpack_publicize_message":"","jetpack_publicize_feature_enabled":true,"jetpack_social_post_already_shared":true,"jetpack_social_options":{"image_generator_settings":{"template":"highway","default_image_id":0,"font":"","enabled":false},"version":2}},"categories":[3],"tags":[],"class_list":["post-18412","post","type-post","status-publish","format-standard","has-post-thumbnail","hentry","category-allgemein"],"jetpack_publicize_connections":[],"jetpack_featured_media_url":"https:\/\/i0.wp.com\/www.svzweckel.de\/wp-content\/uploads\/DSC00018-Gross.jpg?fit=1620%2C1080&ssl=1","jetpack_sharing_enabled":true,"_links":{"self":[{"href":"https:\/\/www.svzweckel.de\/index.php?rest_route=\/wp\/v2\/posts\/18412","targetHints":{"allow":["GET"]}}],"collection":[{"href":"https:\/\/www.svzweckel.de\/index.php?rest_route=\/wp\/v2\/posts"}],"about":[{"href":"https:\/\/www.svzweckel.de\/index.php?rest_route=\/wp\/v2\/types\/post"}],"author":[{"embeddable":true,"href":"https:\/\/www.svzweckel.de\/index.php?rest_route=\/wp\/v2\/users\/3"}],"replies":[{"embeddable":true,"href":"https:\/\/www.svzweckel.de\/index.php?rest_route=%2Fwp%2Fv2%2Fcomments&post=18412"}],"version-history":[{"count":2,"href":"https:\/\/www.svzweckel.de\/index.php?rest_route=\/wp\/v2\/posts\/18412\/revisions"}],"predecessor-version":[{"id":18415,"href":"https:\/\/www.svzweckel.de\/index.php?rest_route=\/wp\/v2\/posts\/18412\/revisions\/18415"}],"wp:featuredmedia":[{"embeddable":true,"href":"https:\/\/www.svzweckel.de\/index.php?rest_route=\/wp\/v2\/media\/18370"}],"wp:attachment":[{"href":"https:\/\/www.svzweckel.de\/index.php?rest_route=%2Fwp%2Fv2%2Fmedia&parent=18412"}],"wp:term":[{"taxonomy":"category","embeddable":true,"href":"https:\/\/www.svzweckel.de\/index.php?rest_route=%2Fwp%2Fv2%2Fcategories&post=18412"},{"taxonomy":"post_tag","embeddable":true,"href":"https:\/\/www.svzweckel.de\/index.php?rest_route=%2Fwp%2Fv2%2Ftags&post=18412"}],"curies":[{"name":"wp","href":"https:\/\/api.w.org\/{rel}","templated":true}]}}