{"id":18423,"date":"2025-09-12T15:59:15","date_gmt":"2025-09-12T13:59:15","guid":{"rendered":"https:\/\/www.svzweckel.de\/?p=18423"},"modified":"2025-09-12T15:59:15","modified_gmt":"2025-09-12T13:59:15","slug":"neue-oeffnungszeiten-im-vereinsheim","status":"publish","type":"post","link":"https:\/\/www.svzweckel.de\/?p=18423","title":{"rendered":"Neue \u00d6ffnungszeiten im Vereinsheim"},"content":{"rendered":"\n<p>Ab dem 15. September \u00f6ffnet unser Vereinsheim werktags erst ab 17:00 Uhr.<br \/>Nat\u00fcrlich bleibt es weiterhin an den Spieltagen unserer Senioren-Teams sowie zu den Spielen des FC Schalke 04 ge\u00f6ffnet.<\/p>\n\n\n\n<p>Wir freuen uns auf Euren Besuch!<\/p>\n","protected":false},"excerpt":{"rendered":"<p>Ab dem 15. September \u00f6ffnet unser Vereinsheim werktags erst ab 17:00 Uhr.Nat\u00fcrlich bleibt es weiterhin an den Spieltagen unserer Senioren-Teams sowie zu den Spielen des FC Schalke 04 ge\u00f6ffnet. Wir freuen uns auf Euren Besuch!<\/p>\n","protected":false},"author":3,"featured_media":18424,"comment_status":"open","ping_status":"","sticky":false,"template":"","format":"standard","meta":{"_jetpack_memberships_contains_paid_content":false,"footnotes":"","jetpack_publicize_message":"","jetpack_publicize_feature_enabled":true,"jetpack_social_post_already_shared":true,"jetpack_social_options":{"image_generator_settings":{"template":"highway","default_image_id":0,"font":"","enabled":false},"version":2}},"categories":[3],"tags":[],"class_list":["post-18423","post","type-post","status-publish","format-standard","has-post-thumbnail","hentry","category-allgemein"],"jetpack_publicize_connections":[],"jetpack_featured_media_url":"https:\/\/i0.wp.com\/www.svzweckel.de\/wp-content\/uploads\/DSC01823-Gross.jpg?fit=1620%2C1080&ssl=1","jetpack_sharing_enabled":true,"_links":{"self":[{"href":"https:\/\/www.svzweckel.de\/index.php?rest_route=\/wp\/v2\/posts\/18423","targetHints":{"allow":["GET"]}}],"collection":[{"href":"https:\/\/www.svzweckel.de\/index.php?rest_route=\/wp\/v2\/posts"}],"about":[{"href":"https:\/\/www.svzweckel.de\/index.php?rest_route=\/wp\/v2\/types\/post"}],"author":[{"embeddable":true,"href":"https:\/\/www.svzweckel.de\/index.php?rest_route=\/wp\/v2\/users\/3"}],"replies":[{"embeddable":true,"href":"https:\/\/www.svzweckel.de\/index.php?rest_route=%2Fwp%2Fv2%2Fcomments&post=18423"}],"version-history":[{"count":1,"href":"https:\/\/www.svzweckel.de\/index.php?rest_route=\/wp\/v2\/posts\/18423\/revisions"}],"predecessor-version":[{"id":18425,"href":"https:\/\/www.svzweckel.de\/index.php?rest_route=\/wp\/v2\/posts\/18423\/revisions\/18425"}],"wp:featuredmedia":[{"embeddable":true,"href":"https:\/\/www.svzweckel.de\/index.php?rest_route=\/wp\/v2\/media\/18424"}],"wp:attachment":[{"href":"https:\/\/www.svzweckel.de\/index.php?rest_route=%2Fwp%2Fv2%2Fmedia&parent=18423"}],"wp:term":[{"taxonomy":"category","embeddable":true,"href":"https:\/\/www.svzweckel.de\/index.php?rest_route=%2Fwp%2Fv2%2Fcategories&post=18423"},{"taxonomy":"post_tag","embeddable":true,"href":"https:\/\/www.svzweckel.de\/index.php?rest_route=%2Fwp%2Fv2%2Ftags&post=18423"}],"curies":[{"name":"wp","href":"https:\/\/api.w.org\/{rel}","templated":true}]}}