{"id":18427,"date":"2025-09-14T17:55:43","date_gmt":"2025-09-14T15:55:43","guid":{"rendered":"https:\/\/www.svzweckel.de\/?p=18427"},"modified":"2025-09-14T17:55:43","modified_gmt":"2025-09-14T15:55:43","slug":"ohne-worte","status":"publish","type":"post","link":"https:\/\/www.svzweckel.de\/?p=18427","title":{"rendered":"Ohne Worte"},"content":{"rendered":"\n<p>SV Zweckel &#8211; Horst 0:7 (0:2)<\/p>\n\n\n\n<p>Nach der Trainerentlassung von Marc Bahl hat sich die Erste des SV Zweckel gegen eine sehr gute Horster Mannschaft desolat pr\u00e4sentiert. Individuelle Fehler in allen Mannschaftsteilen f\u00fchrten zu einer erb\u00e4rmlichen Niederlage. Nach einem 0:2-R\u00fcckstand zur Pause fiel die Mannschaft in der zweiten Halbzeit in sich zusammen und schenkte das Spiel her, so dass die Horster ohne M\u00fche noch zu f\u00fcnf weiteren Treffern kamen.<\/p>\n\n\n\n<p>Zu allem \u00dcberfluss kassierte Torh\u00fcter Dominik Bicker in der 90. Minute noch eine rote Karte und erwies seiner Mannschaft damit einen B\u00e4rendienst, da er in den n\u00e4chsten Wochen vermutlich nicht zur Verf\u00fcgung stehen wird. <\/p>\n\n\n\n<p>Diese schmerzhafte Niederlage markiert den bisherigen Tiefpunkt einer v\u00f6llig verkorksten Bezirksligasaison.<\/p>\n","protected":false},"excerpt":{"rendered":"<p>SV Zweckel &#8211; Horst 0:7 (0:2) Nach der Trainerentlassung von Marc Bahl hat sich die Erste des SV Zweckel gegen eine sehr gute Horster Mannschaft desolat pr\u00e4sentiert. Individuelle Fehler in allen Mannschaftsteilen f\u00fchrten zu einer erb\u00e4rmlichen Niederlage. Nach einem 0:2-R\u00fcckstand zur Pause fiel die Mannschaft in der zweiten Halbzeit in sich zusammen und schenkte das [&hellip;]<\/p>\n","protected":false},"author":3,"featured_media":18426,"comment_status":"open","ping_status":"","sticky":false,"template":"","format":"standard","meta":{"_jetpack_memberships_contains_paid_content":false,"footnotes":"","jetpack_publicize_message":"","jetpack_publicize_feature_enabled":true,"jetpack_social_post_already_shared":true,"jetpack_social_options":{"image_generator_settings":{"template":"highway","default_image_id":0,"font":"","enabled":false},"version":2}},"categories":[3],"tags":[],"class_list":["post-18427","post","type-post","status-publish","format-standard","has-post-thumbnail","hentry","category-allgemein"],"jetpack_publicize_connections":[],"jetpack_featured_media_url":"https:\/\/i0.wp.com\/www.svzweckel.de\/wp-content\/uploads\/wp-17578639310648555641225529716508.jpg?fit=2000%2C1125&ssl=1","jetpack_sharing_enabled":true,"_links":{"self":[{"href":"https:\/\/www.svzweckel.de\/index.php?rest_route=\/wp\/v2\/posts\/18427","targetHints":{"allow":["GET"]}}],"collection":[{"href":"https:\/\/www.svzweckel.de\/index.php?rest_route=\/wp\/v2\/posts"}],"about":[{"href":"https:\/\/www.svzweckel.de\/index.php?rest_route=\/wp\/v2\/types\/post"}],"author":[{"embeddable":true,"href":"https:\/\/www.svzweckel.de\/index.php?rest_route=\/wp\/v2\/users\/3"}],"replies":[{"embeddable":true,"href":"https:\/\/www.svzweckel.de\/index.php?rest_route=%2Fwp%2Fv2%2Fcomments&post=18427"}],"version-history":[{"count":1,"href":"https:\/\/www.svzweckel.de\/index.php?rest_route=\/wp\/v2\/posts\/18427\/revisions"}],"predecessor-version":[{"id":18428,"href":"https:\/\/www.svzweckel.de\/index.php?rest_route=\/wp\/v2\/posts\/18427\/revisions\/18428"}],"wp:featuredmedia":[{"embeddable":true,"href":"https:\/\/www.svzweckel.de\/index.php?rest_route=\/wp\/v2\/media\/18426"}],"wp:attachment":[{"href":"https:\/\/www.svzweckel.de\/index.php?rest_route=%2Fwp%2Fv2%2Fmedia&parent=18427"}],"wp:term":[{"taxonomy":"category","embeddable":true,"href":"https:\/\/www.svzweckel.de\/index.php?rest_route=%2Fwp%2Fv2%2Fcategories&post=18427"},{"taxonomy":"post_tag","embeddable":true,"href":"https:\/\/www.svzweckel.de\/index.php?rest_route=%2Fwp%2Fv2%2Ftags&post=18427"}],"curies":[{"name":"wp","href":"https:\/\/api.w.org\/{rel}","templated":true}]}}