{"id":18479,"date":"2025-09-25T18:59:37","date_gmt":"2025-09-25T16:59:37","guid":{"rendered":"https:\/\/www.svzweckel.de\/?p=18479"},"modified":"2025-09-25T18:59:56","modified_gmt":"2025-09-25T16:59:56","slug":"marc-schaefer-neuer-trainer-der-1-mannschaft-des-sv-zweckel","status":"publish","type":"post","link":"https:\/\/www.svzweckel.de\/?p=18479","title":{"rendered":"Marc Sch\u00e4fer neuer Trainer der 1. Mannschaft des SV Zweckel"},"content":{"rendered":"\n<p>Der SV Zweckel hat einen neuen Cheftrainer: Marc Sch\u00e4fer \u00fcbernimmt ab sofort die Verantwortung f\u00fcr die 1. Mannschaft.<\/p>\n\n\n\n<p>Sch\u00e4fer ist im Gladbecker Fu\u00dfball kein Unbekannter. Viele Jahre war er f\u00fcr den BV Rentfort aktiv \u2013 zun\u00e4chst als Spieler und ab der Saison 2015\/2016 als Trainer der zweiten Mannschaft. Zur Saison 2022\/2023 \u00fcbernahm er die 1. Mannschaft in Rentfort. Im Mai 2025 legte er dort sein Amt nieder.<\/p>\n\n\n\n<p>Nun freut sich der SV Zweckel auf die Zusammenarbeit mit Marc Sch\u00e4fer und setzt gro\u00dfes Vertrauen in ihn, die schwierige Aufgabe beim Bezirksligisten anzupacken.<\/p>\n\n\n\n<figure class=\"wp-block-image size-large\"><img data-recalc-dims=\"1\" loading=\"lazy\" decoding=\"async\" width=\"640\" height=\"360\" src=\"https:\/\/i0.wp.com\/www.svzweckel.de\/wp-content\/uploads\/wp-17588195032938600495726433151454.jpg?resize=640%2C360&#038;ssl=1\" alt=\"\" class=\"wp-image-18482\" srcset=\"https:\/\/i0.wp.com\/www.svzweckel.de\/wp-content\/uploads\/wp-17588195032938600495726433151454.jpg?resize=800%2C450&amp;ssl=1 800w, https:\/\/i0.wp.com\/www.svzweckel.de\/wp-content\/uploads\/wp-17588195032938600495726433151454.jpg?resize=300%2C169&amp;ssl=1 300w, https:\/\/i0.wp.com\/www.svzweckel.de\/wp-content\/uploads\/wp-17588195032938600495726433151454.jpg?resize=150%2C84&amp;ssl=1 150w, https:\/\/i0.wp.com\/www.svzweckel.de\/wp-content\/uploads\/wp-17588195032938600495726433151454.jpg?resize=768%2C432&amp;ssl=1 768w, https:\/\/i0.wp.com\/www.svzweckel.de\/wp-content\/uploads\/wp-17588195032938600495726433151454.jpg?resize=1536%2C864&amp;ssl=1 1536w, https:\/\/i0.wp.com\/www.svzweckel.de\/wp-content\/uploads\/wp-17588195032938600495726433151454.jpg?resize=640%2C360&amp;ssl=1 640w, https:\/\/i0.wp.com\/www.svzweckel.de\/wp-content\/uploads\/wp-17588195032938600495726433151454.jpg?resize=100%2C56&amp;ssl=1 100w, https:\/\/i0.wp.com\/www.svzweckel.de\/wp-content\/uploads\/wp-17588195032938600495726433151454.jpg?resize=50%2C28&amp;ssl=1 50w, https:\/\/i0.wp.com\/www.svzweckel.de\/wp-content\/uploads\/wp-17588195032938600495726433151454.jpg?resize=25%2C14&amp;ssl=1 25w, https:\/\/i0.wp.com\/www.svzweckel.de\/wp-content\/uploads\/wp-17588195032938600495726433151454.jpg?resize=569%2C320&amp;ssl=1 569w, https:\/\/i0.wp.com\/www.svzweckel.de\/wp-content\/uploads\/wp-17588195032938600495726433151454.jpg?resize=160%2C90&amp;ssl=1 160w, https:\/\/i0.wp.com\/www.svzweckel.de\/wp-content\/uploads\/wp-17588195032938600495726433151454.jpg?w=2000&amp;ssl=1 2000w, https:\/\/i0.wp.com\/www.svzweckel.de\/wp-content\/uploads\/wp-17588195032938600495726433151454.jpg?w=1280&amp;ssl=1 1280w, https:\/\/i0.wp.com\/www.svzweckel.de\/wp-content\/uploads\/wp-17588195032938600495726433151454.jpg?w=1920&amp;ssl=1 1920w\" sizes=\"auto, (max-width: 640px) 100vw, 640px\" \/><\/figure>\n","protected":false},"excerpt":{"rendered":"<p>Der SV Zweckel hat einen neuen Cheftrainer: Marc Sch\u00e4fer \u00fcbernimmt ab sofort die Verantwortung f\u00fcr die 1. Mannschaft. Sch\u00e4fer ist im Gladbecker Fu\u00dfball kein Unbekannter. Viele Jahre war er f\u00fcr den BV Rentfort aktiv \u2013 zun\u00e4chst als Spieler und ab der Saison 2015\/2016 als Trainer der zweiten Mannschaft. Zur Saison 2022\/2023 \u00fcbernahm er die 1. [&hellip;]<\/p>\n","protected":false},"author":3,"featured_media":18482,"comment_status":"open","ping_status":"","sticky":false,"template":"","format":"standard","meta":{"_jetpack_memberships_contains_paid_content":false,"footnotes":"","jetpack_publicize_message":"","jetpack_publicize_feature_enabled":true,"jetpack_social_post_already_shared":true,"jetpack_social_options":{"image_generator_settings":{"template":"highway","default_image_id":0,"font":"","enabled":false},"version":2}},"categories":[3],"tags":[],"class_list":["post-18479","post","type-post","status-publish","format-standard","has-post-thumbnail","hentry","category-allgemein"],"jetpack_publicize_connections":[],"jetpack_featured_media_url":"https:\/\/i0.wp.com\/www.svzweckel.de\/wp-content\/uploads\/wp-17588195032938600495726433151454.jpg?fit=2000%2C1125&ssl=1","jetpack_sharing_enabled":true,"_links":{"self":[{"href":"https:\/\/www.svzweckel.de\/index.php?rest_route=\/wp\/v2\/posts\/18479","targetHints":{"allow":["GET"]}}],"collection":[{"href":"https:\/\/www.svzweckel.de\/index.php?rest_route=\/wp\/v2\/posts"}],"about":[{"href":"https:\/\/www.svzweckel.de\/index.php?rest_route=\/wp\/v2\/types\/post"}],"author":[{"embeddable":true,"href":"https:\/\/www.svzweckel.de\/index.php?rest_route=\/wp\/v2\/users\/3"}],"replies":[{"embeddable":true,"href":"https:\/\/www.svzweckel.de\/index.php?rest_route=%2Fwp%2Fv2%2Fcomments&post=18479"}],"version-history":[{"count":3,"href":"https:\/\/www.svzweckel.de\/index.php?rest_route=\/wp\/v2\/posts\/18479\/revisions"}],"predecessor-version":[{"id":18483,"href":"https:\/\/www.svzweckel.de\/index.php?rest_route=\/wp\/v2\/posts\/18479\/revisions\/18483"}],"wp:featuredmedia":[{"embeddable":true,"href":"https:\/\/www.svzweckel.de\/index.php?rest_route=\/wp\/v2\/media\/18482"}],"wp:attachment":[{"href":"https:\/\/www.svzweckel.de\/index.php?rest_route=%2Fwp%2Fv2%2Fmedia&parent=18479"}],"wp:term":[{"taxonomy":"category","embeddable":true,"href":"https:\/\/www.svzweckel.de\/index.php?rest_route=%2Fwp%2Fv2%2Fcategories&post=18479"},{"taxonomy":"post_tag","embeddable":true,"href":"https:\/\/www.svzweckel.de\/index.php?rest_route=%2Fwp%2Fv2%2Ftags&post=18479"}],"curies":[{"name":"wp","href":"https:\/\/api.w.org\/{rel}","templated":true}]}}