{"id":18491,"date":"2025-09-28T21:33:58","date_gmt":"2025-09-28T19:33:58","guid":{"rendered":"https:\/\/www.svzweckel.de\/?p=18491"},"modified":"2025-09-28T21:33:58","modified_gmt":"2025-09-28T19:33:58","slug":"traumstart-unter-dem-neuen-trainer-marc-schaefer-sv-zweckel-gewinnt-40","status":"publish","type":"post","link":"https:\/\/www.svzweckel.de\/?p=18491","title":{"rendered":"Traumstart unter dem neuen Trainer Marc Sch\u00e4fer \u2013 SV Zweckel gewinnt 4:0!"},"content":{"rendered":"\n<p>SV Zweckel &#8211; SG Herne 4:0 (2:0)<br \/>Der SV Zweckel hat im ersten Spiel unter dem neuen Trainer Marc Sch\u00e4fer gleich ein Ausrufezeichen gesetzt und die ersten drei Punkte in der Bezirksliga eingefahren. Damit ist man nicht mehr Tabellenletzter.<br \/>Von Beginn an war die Mannschaft hellwach, giftig in den Zweik\u00e4mpfen und k\u00e4mpfte um jeden Meter. Kapit\u00e4n Jan Schwers brachte Zweckel mit einem Doppelpack (25. und 38. Minute) zur Pause mit 2:0 in F\u00fchrung.<br \/>In der zweiten Halbzeit blieb das Team stabil \u2013 auch dank einer starken Defensive um Serkan K\u00f6se in der Dreierkette. Tristan Oben-Stintenberg sorgte in der 78. Minute f\u00fcr die Vorentscheidung, ehe Milad Sahebzada in der Schlussminute mit einem tollen Schuss den 4:0-Endstand markierte.<br \/>Die G\u00e4ste vergaben kurz vor Abpfiff noch einen Elfmeter \u2013 am hochverdienten Zweckeler Sieg \u00e4nderte das nichts.<\/p>\n\n\n\n<figure class=\"wp-block-image size-large\"><img data-recalc-dims=\"1\" loading=\"lazy\" decoding=\"async\" width=\"640\" height=\"360\" src=\"https:\/\/i0.wp.com\/www.svzweckel.de\/wp-content\/uploads\/wp-17590878526947390992265286459920.jpg?resize=640%2C360&#038;ssl=1\" alt=\"\" class=\"wp-image-18494\" srcset=\"https:\/\/i0.wp.com\/www.svzweckel.de\/wp-content\/uploads\/wp-17590878526947390992265286459920.jpg?resize=800%2C450&amp;ssl=1 800w, https:\/\/i0.wp.com\/www.svzweckel.de\/wp-content\/uploads\/wp-17590878526947390992265286459920.jpg?resize=300%2C169&amp;ssl=1 300w, https:\/\/i0.wp.com\/www.svzweckel.de\/wp-content\/uploads\/wp-17590878526947390992265286459920.jpg?resize=150%2C84&amp;ssl=1 150w, https:\/\/i0.wp.com\/www.svzweckel.de\/wp-content\/uploads\/wp-17590878526947390992265286459920.jpg?resize=768%2C432&amp;ssl=1 768w, https:\/\/i0.wp.com\/www.svzweckel.de\/wp-content\/uploads\/wp-17590878526947390992265286459920.jpg?resize=1536%2C864&amp;ssl=1 1536w, https:\/\/i0.wp.com\/www.svzweckel.de\/wp-content\/uploads\/wp-17590878526947390992265286459920.jpg?resize=640%2C360&amp;ssl=1 640w, https:\/\/i0.wp.com\/www.svzweckel.de\/wp-content\/uploads\/wp-17590878526947390992265286459920.jpg?resize=100%2C56&amp;ssl=1 100w, https:\/\/i0.wp.com\/www.svzweckel.de\/wp-content\/uploads\/wp-17590878526947390992265286459920.jpg?resize=50%2C28&amp;ssl=1 50w, https:\/\/i0.wp.com\/www.svzweckel.de\/wp-content\/uploads\/wp-17590878526947390992265286459920.jpg?resize=25%2C14&amp;ssl=1 25w, https:\/\/i0.wp.com\/www.svzweckel.de\/wp-content\/uploads\/wp-17590878526947390992265286459920.jpg?resize=569%2C320&amp;ssl=1 569w, https:\/\/i0.wp.com\/www.svzweckel.de\/wp-content\/uploads\/wp-17590878526947390992265286459920.jpg?resize=160%2C90&amp;ssl=1 160w, https:\/\/i0.wp.com\/www.svzweckel.de\/wp-content\/uploads\/wp-17590878526947390992265286459920.jpg?w=2000&amp;ssl=1 2000w, https:\/\/i0.wp.com\/www.svzweckel.de\/wp-content\/uploads\/wp-17590878526947390992265286459920.jpg?w=1280&amp;ssl=1 1280w, https:\/\/i0.wp.com\/www.svzweckel.de\/wp-content\/uploads\/wp-17590878526947390992265286459920.jpg?w=1920&amp;ssl=1 1920w\" sizes=\"auto, (max-width: 640px) 100vw, 640px\" \/><\/figure>\n\n\n\n<p><br \/>Ein starker Auftritt der Mannschaft und ein wichtiges Lebenszeichen im Abstiegskampf!<\/p>\n","protected":false},"excerpt":{"rendered":"<p>SV Zweckel &#8211; SG Herne 4:0 (2:0)Der SV Zweckel hat im ersten Spiel unter dem neuen Trainer Marc Sch\u00e4fer gleich ein Ausrufezeichen gesetzt und die ersten drei Punkte in der Bezirksliga eingefahren. Damit ist man nicht mehr Tabellenletzter.Von Beginn an war die Mannschaft hellwach, giftig in den Zweik\u00e4mpfen und k\u00e4mpfte um jeden Meter. Kapit\u00e4n Jan [&hellip;]<\/p>\n","protected":false},"author":3,"featured_media":18493,"comment_status":"open","ping_status":"","sticky":false,"template":"","format":"standard","meta":{"_jetpack_memberships_contains_paid_content":false,"footnotes":"","jetpack_publicize_message":"","jetpack_publicize_feature_enabled":true,"jetpack_social_post_already_shared":true,"jetpack_social_options":{"image_generator_settings":{"template":"highway","default_image_id":0,"font":"","enabled":false},"version":2}},"categories":[3],"tags":[],"class_list":["post-18491","post","type-post","status-publish","format-standard","has-post-thumbnail","hentry","category-allgemein"],"jetpack_publicize_connections":[],"jetpack_featured_media_url":"https:\/\/i0.wp.com\/www.svzweckel.de\/wp-content\/uploads\/wp-17590878161031786208805329188689.jpg?fit=2000%2C1125&ssl=1","jetpack_sharing_enabled":true,"_links":{"self":[{"href":"https:\/\/www.svzweckel.de\/index.php?rest_route=\/wp\/v2\/posts\/18491","targetHints":{"allow":["GET"]}}],"collection":[{"href":"https:\/\/www.svzweckel.de\/index.php?rest_route=\/wp\/v2\/posts"}],"about":[{"href":"https:\/\/www.svzweckel.de\/index.php?rest_route=\/wp\/v2\/types\/post"}],"author":[{"embeddable":true,"href":"https:\/\/www.svzweckel.de\/index.php?rest_route=\/wp\/v2\/users\/3"}],"replies":[{"embeddable":true,"href":"https:\/\/www.svzweckel.de\/index.php?rest_route=%2Fwp%2Fv2%2Fcomments&post=18491"}],"version-history":[{"count":2,"href":"https:\/\/www.svzweckel.de\/index.php?rest_route=\/wp\/v2\/posts\/18491\/revisions"}],"predecessor-version":[{"id":18495,"href":"https:\/\/www.svzweckel.de\/index.php?rest_route=\/wp\/v2\/posts\/18491\/revisions\/18495"}],"wp:featuredmedia":[{"embeddable":true,"href":"https:\/\/www.svzweckel.de\/index.php?rest_route=\/wp\/v2\/media\/18493"}],"wp:attachment":[{"href":"https:\/\/www.svzweckel.de\/index.php?rest_route=%2Fwp%2Fv2%2Fmedia&parent=18491"}],"wp:term":[{"taxonomy":"category","embeddable":true,"href":"https:\/\/www.svzweckel.de\/index.php?rest_route=%2Fwp%2Fv2%2Fcategories&post=18491"},{"taxonomy":"post_tag","embeddable":true,"href":"https:\/\/www.svzweckel.de\/index.php?rest_route=%2Fwp%2Fv2%2Ftags&post=18491"}],"curies":[{"name":"wp","href":"https:\/\/api.w.org\/{rel}","templated":true}]}}