{"id":18496,"date":"2025-09-29T12:15:33","date_gmt":"2025-09-29T10:15:33","guid":{"rendered":"https:\/\/www.svzweckel.de\/?p=18496"},"modified":"2025-09-29T12:15:33","modified_gmt":"2025-09-29T10:15:33","slug":"generalprobe-auf-asche-vor-dem-wichtigen-spiel-bei-adler-feldmark","status":"publish","type":"post","link":"https:\/\/www.svzweckel.de\/?p=18496","title":{"rendered":"Generalprobe auf Asche vor dem wichtigen Spiel bei Adler Feldmark"},"content":{"rendered":"\n<p>Am Donnerstag, 02.10.2025, tritt die Erste des SV Zweckel im Kreispokal bei Middelich-Resse an. Ansto\u00df ist um 19:30 Uhr Im Emscherbruch in Gelsenkirchen-Resse.<\/p>\n\n\n\n<p>Das Pokalspiel dient gleichzeitig als Generalprobe f\u00fcr das wichtige Bezirksliga-Duell am Sonntag bei Adler Feldmark. Dort wartet ebenfalls ein Platz mit Asche \u2013 und genau an Feldmark haben die Zweckeler zuletzt die Rote Laterne in der Tabelle abgegeben. Nur aufgrund des besseren Torverh\u00e4ltnisses rangiert die Sch\u00e4fer-Elf nun vor dem Rivalen.<\/p>\n\n\n\n<p>Viel Zeit bleibt nicht: nur ein Trainingstag steht zur Verf\u00fcgung, um neue Abl\u00e4ufe einzustudieren. Sollte die Passstelle rechtzeitig gr\u00fcnes Licht geben, k\u00f6nnte mit Tony Igwe zudem ein Neuzugang erstmals im schwarz-gr\u00fcnen Trikot im Aufgebot der Zweckeler stehen.<\/p>\n","protected":false},"excerpt":{"rendered":"<p>Am Donnerstag, 02.10.2025, tritt die Erste des SV Zweckel im Kreispokal bei Middelich-Resse an. Ansto\u00df ist um 19:30 Uhr Im Emscherbruch in Gelsenkirchen-Resse. Das Pokalspiel dient gleichzeitig als Generalprobe f\u00fcr das wichtige Bezirksliga-Duell am Sonntag bei Adler Feldmark. Dort wartet ebenfalls ein Platz mit Asche \u2013 und genau an Feldmark haben die Zweckeler zuletzt die [&hellip;]<\/p>\n","protected":false},"author":3,"featured_media":18497,"comment_status":"open","ping_status":"","sticky":false,"template":"","format":"standard","meta":{"_jetpack_memberships_contains_paid_content":false,"footnotes":"","jetpack_publicize_message":"","jetpack_publicize_feature_enabled":true,"jetpack_social_post_already_shared":true,"jetpack_social_options":{"image_generator_settings":{"template":"highway","default_image_id":0,"font":"","enabled":false},"version":2}},"categories":[3],"tags":[],"class_list":["post-18496","post","type-post","status-publish","format-standard","has-post-thumbnail","hentry","category-allgemein"],"jetpack_publicize_connections":[],"jetpack_featured_media_url":"https:\/\/i0.wp.com\/www.svzweckel.de\/wp-content\/uploads\/wp-17591408547001487125714188359311.jpg?fit=2000%2C1125&ssl=1","jetpack_sharing_enabled":true,"_links":{"self":[{"href":"https:\/\/www.svzweckel.de\/index.php?rest_route=\/wp\/v2\/posts\/18496","targetHints":{"allow":["GET"]}}],"collection":[{"href":"https:\/\/www.svzweckel.de\/index.php?rest_route=\/wp\/v2\/posts"}],"about":[{"href":"https:\/\/www.svzweckel.de\/index.php?rest_route=\/wp\/v2\/types\/post"}],"author":[{"embeddable":true,"href":"https:\/\/www.svzweckel.de\/index.php?rest_route=\/wp\/v2\/users\/3"}],"replies":[{"embeddable":true,"href":"https:\/\/www.svzweckel.de\/index.php?rest_route=%2Fwp%2Fv2%2Fcomments&post=18496"}],"version-history":[{"count":2,"href":"https:\/\/www.svzweckel.de\/index.php?rest_route=\/wp\/v2\/posts\/18496\/revisions"}],"predecessor-version":[{"id":18499,"href":"https:\/\/www.svzweckel.de\/index.php?rest_route=\/wp\/v2\/posts\/18496\/revisions\/18499"}],"wp:featuredmedia":[{"embeddable":true,"href":"https:\/\/www.svzweckel.de\/index.php?rest_route=\/wp\/v2\/media\/18497"}],"wp:attachment":[{"href":"https:\/\/www.svzweckel.de\/index.php?rest_route=%2Fwp%2Fv2%2Fmedia&parent=18496"}],"wp:term":[{"taxonomy":"category","embeddable":true,"href":"https:\/\/www.svzweckel.de\/index.php?rest_route=%2Fwp%2Fv2%2Fcategories&post=18496"},{"taxonomy":"post_tag","embeddable":true,"href":"https:\/\/www.svzweckel.de\/index.php?rest_route=%2Fwp%2Fv2%2Ftags&post=18496"}],"curies":[{"name":"wp","href":"https:\/\/api.w.org\/{rel}","templated":true}]}}