{"id":18521,"date":"2025-10-06T11:09:57","date_gmt":"2025-10-06T09:09:57","guid":{"rendered":"https:\/\/www.svzweckel.de\/?p=18521"},"modified":"2025-10-06T11:09:57","modified_gmt":"2025-10-06T09:09:57","slug":"bezirksliga-vorschau-sv-zweckel-firtinaspor-herne","status":"publish","type":"post","link":"https:\/\/www.svzweckel.de\/?p=18521","title":{"rendered":"Bezirksliga-Vorschau: SV Zweckel \u2013 Firtinaspor Herne"},"content":{"rendered":"\n<p>Sonntag, 12. Oktober 2025, 15:00 Uhr<\/p>\n\n\n\n<p>Nach zwei Siegen in Folge wollen die Schwarz-Gr\u00fcnen ihren Aufw\u00e4rtstrend fortsetzen. Zu Gast in der Uli Simon Arena an der Dorstener Stra\u00dfe ist Firtinaspor Herne, das derzeit f\u00fcnf Punkte mehr auf dem Konto hat als der SV Zweckel.<\/p>\n\n\n\n<p>Die Herner zeigten zuletzt starke Nerven: Nach zweimaligem R\u00fcckstand erk\u00e4mpften sie sich gegen den VfB H\u00fcls ein 3:3-Unentschieden. Eine Woche zuvor feierte Firtinaspor einen beachtlichen 4:3-Erfolg beim Tabellenzweiten Erler SV \u2013 gegen eben jene Gegner, gegen die Zweckel noch deutlich verloren hatte (1:3 bzw. 1:5).<\/p>\n\n\n\n<p>Besonders im Auge behalten m\u00fcssen die Zweckeler Torj\u00e4ger Bilal G\u00fcrdal, der bereits sieben Treffer erzielt hat.<\/p>\n\n\n\n<p>Der SV Zweckel dagegen kommt langsam ins Rollen. Nach dem katastrophalen Saisonstart mit sieben Niederlagen in Serie konnte die Mannschaft von Trainer Marc Sch\u00e4fer zuletzt \u00fcberzeugen und zwei wichtige Siege gegen Herne 70 und Adler Feldmark feiern. Beim 4:0-Erfolg in Feldmark traf Jan Schwers doppelt und best\u00e4tigte seine starke Form.<\/p>\n\n\n\n<p>Wenn die Defensive erneut stabil steht und die k\u00e4mpferische Einstellung stimmt, d\u00fcrfen die Zweckeler Fans hoffen, dass ihr Team auch gegen Firtinaspor Herne etwas Z\u00e4hlbares mitnimmt.<\/p>\n","protected":false},"excerpt":{"rendered":"<p>Sonntag, 12. Oktober 2025, 15:00 Uhr Nach zwei Siegen in Folge wollen die Schwarz-Gr\u00fcnen ihren Aufw\u00e4rtstrend fortsetzen. Zu Gast in der Uli Simon Arena an der Dorstener Stra\u00dfe ist Firtinaspor Herne, das derzeit f\u00fcnf Punkte mehr auf dem Konto hat als der SV Zweckel. Die Herner zeigten zuletzt starke Nerven: Nach zweimaligem R\u00fcckstand erk\u00e4mpften sie [&hellip;]<\/p>\n","protected":false},"author":3,"featured_media":18523,"comment_status":"open","ping_status":"","sticky":false,"template":"","format":"standard","meta":{"_jetpack_memberships_contains_paid_content":false,"footnotes":"","jetpack_publicize_message":"","jetpack_publicize_feature_enabled":true,"jetpack_social_post_already_shared":true,"jetpack_social_options":{"image_generator_settings":{"template":"highway","default_image_id":0,"font":"","enabled":false},"version":2}},"categories":[2],"tags":[],"class_list":["post-18521","post","type-post","status-publish","format-standard","has-post-thumbnail","hentry","category-1-mannschaft"],"jetpack_publicize_connections":[],"jetpack_featured_media_url":"https:\/\/i0.wp.com\/www.svzweckel.de\/wp-content\/uploads\/wp-17597417305721677712735042804496-e1759741780200.jpg?fit=1763%2C1047&ssl=1","jetpack_sharing_enabled":true,"_links":{"self":[{"href":"https:\/\/www.svzweckel.de\/index.php?rest_route=\/wp\/v2\/posts\/18521","targetHints":{"allow":["GET"]}}],"collection":[{"href":"https:\/\/www.svzweckel.de\/index.php?rest_route=\/wp\/v2\/posts"}],"about":[{"href":"https:\/\/www.svzweckel.de\/index.php?rest_route=\/wp\/v2\/types\/post"}],"author":[{"embeddable":true,"href":"https:\/\/www.svzweckel.de\/index.php?rest_route=\/wp\/v2\/users\/3"}],"replies":[{"embeddable":true,"href":"https:\/\/www.svzweckel.de\/index.php?rest_route=%2Fwp%2Fv2%2Fcomments&post=18521"}],"version-history":[{"count":1,"href":"https:\/\/www.svzweckel.de\/index.php?rest_route=\/wp\/v2\/posts\/18521\/revisions"}],"predecessor-version":[{"id":18522,"href":"https:\/\/www.svzweckel.de\/index.php?rest_route=\/wp\/v2\/posts\/18521\/revisions\/18522"}],"wp:featuredmedia":[{"embeddable":true,"href":"https:\/\/www.svzweckel.de\/index.php?rest_route=\/wp\/v2\/media\/18523"}],"wp:attachment":[{"href":"https:\/\/www.svzweckel.de\/index.php?rest_route=%2Fwp%2Fv2%2Fmedia&parent=18521"}],"wp:term":[{"taxonomy":"category","embeddable":true,"href":"https:\/\/www.svzweckel.de\/index.php?rest_route=%2Fwp%2Fv2%2Fcategories&post=18521"},{"taxonomy":"post_tag","embeddable":true,"href":"https:\/\/www.svzweckel.de\/index.php?rest_route=%2Fwp%2Fv2%2Ftags&post=18521"}],"curies":[{"name":"wp","href":"https:\/\/api.w.org\/{rel}","templated":true}]}}