{"id":18525,"date":"2025-10-13T14:30:34","date_gmt":"2025-10-13T12:30:34","guid":{"rendered":"https:\/\/www.svzweckel.de\/?p=18525"},"modified":"2025-10-13T14:30:34","modified_gmt":"2025-10-13T12:30:34","slug":"gerechtes-22-gegen-firtinaspor-herne-aerger-ueber-zweifelhaften-elfmeter","status":"publish","type":"post","link":"https:\/\/www.svzweckel.de\/?p=18525","title":{"rendered":"Gerechtes 2:2 gegen Firtinaspor Herne \u2013 \u00c4rger \u00fcber zweifelhaften Elfmeter"},"content":{"rendered":"\n<p>SV Zweckel &#8211; Firtinaspor Herne 2:2 (1:1)<\/p>\n\n\n\n<p>Der SV Zweckel kam im Heimspiel gegen Firtinaspor Herne zu einem 2:2-Unentschieden. Zur Halbzeit stand es 1:1.<\/p>\n\n\n\n<p>Die Schwarz-Gr\u00fcnen erwischten den besseren Start: Nach einer Ecke landete der Ball in der 18. Minute bei Sebastian Waldner, der aus rund 8 Metern mit einem fulminanten Linksschuss zur 1:0-F\u00fchrung traf. Zweckel hatte die Partie bis kurz vor dem Pausenpfiff weitgehend im Griff, ehe ein unn\u00f6tiger Ballverlust den Ausgleich einleitete. Einen Schuss aus gut 20 Metern konnte Torh\u00fcter Numan Kalinci zun\u00e4chst noch abwehren, doch im Nachsetzen traf der Gast in der 44. Minute zum 1:1.<\/p>\n\n\n\n<p>Nach dem Wechsel entwickelte sich eine ausgeglichene Begegnung mit Chancen auf beiden Seiten. In der 70. Minute war es dann der eingewechselte Youngster Tony Igwe, der nach einem Freisto\u00df von Serkan K\u00f6se per Kopf zur 2:1-F\u00fchrung einnickte.<\/p>\n\n\n\n<p>Anschlie\u00dfend erh\u00f6hte Firtinaspor den Druck, und die Zweckeler Defensive musste Schwerstarbeit verrichten. Mehrfach boten sich Kontergelegenheiten, doch diese wurden zu unkonzentriert ausgespielt \u2013 der m\u00f6gliche vorentscheidende Treffer fiel nicht.<\/p>\n\n\n\n<p>In der 80. Minute sorgte der Schiedsrichter f\u00fcr Kopfsch\u00fctteln: Nach einem Kl\u00e4rungsversuch von Kalinci entschied er \u00fcberraschend auf Elfmeter \u2013 eine Szene, in der der Keeper klar den Ball gespielt hatte. Das \u201eGeschenk\u201c nahm Firtinaspor dankend an und verwandelte sicher zum 2:2.<\/p>\n\n\n\n<p>In den Schlussminuten dr\u00e4ngte Zweckel nochmals auf den Sieg, doch die letzten Aktionen blieben zu unpr\u00e4zise. Am Ende stand ein gerechtes, aber \u00e4rgerliches Unentschieden, bei dem mehr m\u00f6glich gewesen w\u00e4re.<\/p>\n","protected":false},"excerpt":{"rendered":"<p>SV Zweckel &#8211; Firtinaspor Herne 2:2 (1:1) Der SV Zweckel kam im Heimspiel gegen Firtinaspor Herne zu einem 2:2-Unentschieden. Zur Halbzeit stand es 1:1. Die Schwarz-Gr\u00fcnen erwischten den besseren Start: Nach einer Ecke landete der Ball in der 18. Minute bei Sebastian Waldner, der aus rund 8 Metern mit einem fulminanten Linksschuss zur 1:0-F\u00fchrung traf. [&hellip;]<\/p>\n","protected":false},"author":3,"featured_media":18527,"comment_status":"open","ping_status":"","sticky":false,"template":"","format":"standard","meta":{"_jetpack_memberships_contains_paid_content":false,"footnotes":"","jetpack_publicize_message":"","jetpack_publicize_feature_enabled":true,"jetpack_social_post_already_shared":true,"jetpack_social_options":{"image_generator_settings":{"template":"highway","default_image_id":0,"font":"","enabled":false},"version":2}},"categories":[2],"tags":[],"class_list":["post-18525","post","type-post","status-publish","format-standard","has-post-thumbnail","hentry","category-1-mannschaft"],"jetpack_publicize_connections":[],"jetpack_featured_media_url":"https:\/\/i0.wp.com\/www.svzweckel.de\/wp-content\/uploads\/wp-17603586066142022770363964456110.jpg?fit=2000%2C1125&ssl=1","jetpack_sharing_enabled":true,"_links":{"self":[{"href":"https:\/\/www.svzweckel.de\/index.php?rest_route=\/wp\/v2\/posts\/18525","targetHints":{"allow":["GET"]}}],"collection":[{"href":"https:\/\/www.svzweckel.de\/index.php?rest_route=\/wp\/v2\/posts"}],"about":[{"href":"https:\/\/www.svzweckel.de\/index.php?rest_route=\/wp\/v2\/types\/post"}],"author":[{"embeddable":true,"href":"https:\/\/www.svzweckel.de\/index.php?rest_route=\/wp\/v2\/users\/3"}],"replies":[{"embeddable":true,"href":"https:\/\/www.svzweckel.de\/index.php?rest_route=%2Fwp%2Fv2%2Fcomments&post=18525"}],"version-history":[{"count":1,"href":"https:\/\/www.svzweckel.de\/index.php?rest_route=\/wp\/v2\/posts\/18525\/revisions"}],"predecessor-version":[{"id":18526,"href":"https:\/\/www.svzweckel.de\/index.php?rest_route=\/wp\/v2\/posts\/18525\/revisions\/18526"}],"wp:featuredmedia":[{"embeddable":true,"href":"https:\/\/www.svzweckel.de\/index.php?rest_route=\/wp\/v2\/media\/18527"}],"wp:attachment":[{"href":"https:\/\/www.svzweckel.de\/index.php?rest_route=%2Fwp%2Fv2%2Fmedia&parent=18525"}],"wp:term":[{"taxonomy":"category","embeddable":true,"href":"https:\/\/www.svzweckel.de\/index.php?rest_route=%2Fwp%2Fv2%2Fcategories&post=18525"},{"taxonomy":"post_tag","embeddable":true,"href":"https:\/\/www.svzweckel.de\/index.php?rest_route=%2Fwp%2Fv2%2Ftags&post=18525"}],"curies":[{"name":"wp","href":"https:\/\/api.w.org\/{rel}","templated":true}]}}