{"id":18528,"date":"2025-10-15T17:00:52","date_gmt":"2025-10-15T15:00:52","guid":{"rendered":"https:\/\/www.svzweckel.de\/?p=18528"},"modified":"2025-10-13T17:08:11","modified_gmt":"2025-10-13T15:08:11","slug":"zweckel-gastiert-beim-tabellenfuehrer","status":"publish","type":"post","link":"https:\/\/www.svzweckel.de\/?p=18528","title":{"rendered":"Zweckel fordert den Spitzenreiter heraus"},"content":{"rendered":"\n<p>Sonntag, 19.10.25, 15:00 Uhr: FC Recklinghauen &#8211; SV Zweckel<\/p>\n\n\n\n<p>Am Sonntag wartet auf den SV Zweckel das n\u00e4chste Highlight: Die Schwarz-Gr\u00fcnen gastieren beim Tabellenf\u00fchrer FC Recklinghausen.<\/p>\n\n\n\n<p>Der Spitzenreiter musste am vergangenen Wochenende beim VfB H\u00fcls mit 0:5 seine erste Niederlage hinnehmen \u2013 und wird nun alles daransetzen, sich vor heimischer Kulisse zu rehabilitieren. Recklinghausen stellt trotz des Ausrutschers noch immer die beste Defensive und die zweitbeste Offensive der Liga.<\/p>\n\n\n\n<p>Zweckel reist dagegen mit breiter Brust an. Seit drei Spielen ist das Team ungeschlagen und will diese Serie auch beim Favoriten fortsetzen. M\u00f6glicherweise kehren mit Erdem Dincer Kahraman, Dennis Djatlev und Tristan Oben-Stintenberg drei wichtige Spieler ins Aufgebot zur\u00fcck.<\/p>\n\n\n\n<p>Recklinghausen will Wiedergutmachung \u2013 Zweckel will nicht verlieren. Mit dieser k\u00e4mpferischen Haltung will die Mannschaft auch beim Tabellenf\u00fchrer f\u00fcr eine \u00dcberraschung sorgen und Z\u00e4hlbares mit nach Gladbeck nehmen.<\/p>\n\n\n\n<p>Spielort: Stadion Hohenhorst, Am Stadion 1, 45659 Recklinghausen<\/p>\n","protected":false},"excerpt":{"rendered":"<p>Sonntag, 19.10.25, 15:00 Uhr: FC Recklinghauen &#8211; SV Zweckel Am Sonntag wartet auf den SV Zweckel das n\u00e4chste Highlight: Die Schwarz-Gr\u00fcnen gastieren beim Tabellenf\u00fchrer FC Recklinghausen. Der Spitzenreiter musste am vergangenen Wochenende beim VfB H\u00fcls mit 0:5 seine erste Niederlage hinnehmen \u2013 und wird nun alles daransetzen, sich vor heimischer Kulisse zu rehabilitieren. Recklinghausen stellt [&hellip;]<\/p>\n","protected":false},"author":3,"featured_media":18530,"comment_status":"open","ping_status":"","sticky":false,"template":"","format":"standard","meta":{"_jetpack_memberships_contains_paid_content":false,"footnotes":"","jetpack_publicize_message":"","jetpack_publicize_feature_enabled":true,"jetpack_social_post_already_shared":true,"jetpack_social_options":{"image_generator_settings":{"template":"highway","default_image_id":0,"font":"","enabled":false},"version":2}},"categories":[2],"tags":[],"class_list":["post-18528","post","type-post","status-publish","format-standard","has-post-thumbnail","hentry","category-1-mannschaft"],"jetpack_publicize_connections":[],"jetpack_featured_media_url":"https:\/\/i0.wp.com\/www.svzweckel.de\/wp-content\/uploads\/wp-17603676217213458684028013658441.jpg?fit=2000%2C1125&ssl=1","jetpack_sharing_enabled":true,"_links":{"self":[{"href":"https:\/\/www.svzweckel.de\/index.php?rest_route=\/wp\/v2\/posts\/18528","targetHints":{"allow":["GET"]}}],"collection":[{"href":"https:\/\/www.svzweckel.de\/index.php?rest_route=\/wp\/v2\/posts"}],"about":[{"href":"https:\/\/www.svzweckel.de\/index.php?rest_route=\/wp\/v2\/types\/post"}],"author":[{"embeddable":true,"href":"https:\/\/www.svzweckel.de\/index.php?rest_route=\/wp\/v2\/users\/3"}],"replies":[{"embeddable":true,"href":"https:\/\/www.svzweckel.de\/index.php?rest_route=%2Fwp%2Fv2%2Fcomments&post=18528"}],"version-history":[{"count":2,"href":"https:\/\/www.svzweckel.de\/index.php?rest_route=\/wp\/v2\/posts\/18528\/revisions"}],"predecessor-version":[{"id":18531,"href":"https:\/\/www.svzweckel.de\/index.php?rest_route=\/wp\/v2\/posts\/18528\/revisions\/18531"}],"wp:featuredmedia":[{"embeddable":true,"href":"https:\/\/www.svzweckel.de\/index.php?rest_route=\/wp\/v2\/media\/18530"}],"wp:attachment":[{"href":"https:\/\/www.svzweckel.de\/index.php?rest_route=%2Fwp%2Fv2%2Fmedia&parent=18528"}],"wp:term":[{"taxonomy":"category","embeddable":true,"href":"https:\/\/www.svzweckel.de\/index.php?rest_route=%2Fwp%2Fv2%2Fcategories&post=18528"},{"taxonomy":"post_tag","embeddable":true,"href":"https:\/\/www.svzweckel.de\/index.php?rest_route=%2Fwp%2Fv2%2Ftags&post=18528"}],"curies":[{"name":"wp","href":"https:\/\/api.w.org\/{rel}","templated":true}]}}