{"id":18557,"date":"2025-10-22T14:03:55","date_gmt":"2025-10-22T12:03:55","guid":{"rendered":"https:\/\/www.svzweckel.de\/?p=18557"},"modified":"2025-10-22T14:03:55","modified_gmt":"2025-10-22T12:03:55","slug":"alles-geben-im-kellerduell-zweckel-will-wieder-punkten","status":"publish","type":"post","link":"https:\/\/www.svzweckel.de\/?p=18557","title":{"rendered":"Alles geben im Kellerduell \u2013 Zweckel will wieder punkten!"},"content":{"rendered":"\n<p>Sonntag, 26. Oktober 2025, 15:00 Uhr: SV Zweckel &#8211; Marokko Herne<\/p>\n\n\n\n<p>Am kommenden Sonntag steht f\u00fcr den SV Zweckel ein richtig wichtiges Spiel an. Die Schwarz-Gr\u00fcnen empfangen zu Hause in der Uli Simon Arena den FC Marokko Herne \u2013 es ist das Duell Vorletzter gegen Drittletzter, beide Teams stehen mit gleicher Punktzahl am unteren Ende der Tabelle.<br \/>Nach der deutlichen Niederlage beim Tabellenf\u00fchrer FC Recklinghausen will die Mannschaft von Trainer Marc Sch\u00e4fer wieder ein anderes Gesicht zeigen und unbedingt etwas Z\u00e4hlbares in Zweckel behalten.<br \/>Gute Nachrichten gibt es vor dem Spiel: Serkan K\u00f6se steht nach seiner Gelb-Sperre wieder zur Verf\u00fcgung, und hoffentlich kehren auch einige der zuletzt fehlenden Spieler zur\u00fcck, die in Recklinghausen \u2013 vor allem in der Defensive \u2013 schmerzlich vermisst wurden.<br \/>Die G\u00e4ste aus Herne zeigten zuletzt, dass sie k\u00e4mpfen k\u00f6nnen: Gegen den VfB H\u00fcls erk\u00e4mpfte Marokko Herne ein Unentschieden, und H\u00fcls wiederum sorgte am vergangenen Sonntag mit einem 5:0-Sieg gegen den Spitzenreiter Recklinghausen f\u00fcr Aufsehen.<br \/>Das zeigt: Jeder kann jeden schlagen \u2013 und Zweckel will genau das am Sonntag beweisen!<br \/>Mit Kampfgeist, Leidenschaft und der Unterst\u00fctzung der Fans soll der n\u00e4chste Schritt im Abstiegskampf gelingen.<\/p>\n","protected":false},"excerpt":{"rendered":"<p>Sonntag, 26. Oktober 2025, 15:00 Uhr: SV Zweckel &#8211; Marokko Herne Am kommenden Sonntag steht f\u00fcr den SV Zweckel ein richtig wichtiges Spiel an. Die Schwarz-Gr\u00fcnen empfangen zu Hause in der Uli Simon Arena den FC Marokko Herne \u2013 es ist das Duell Vorletzter gegen Drittletzter, beide Teams stehen mit gleicher Punktzahl am unteren Ende [&hellip;]<\/p>\n","protected":false},"author":3,"featured_media":18559,"comment_status":"open","ping_status":"","sticky":false,"template":"","format":"standard","meta":{"_jetpack_memberships_contains_paid_content":false,"footnotes":"","jetpack_publicize_message":"","jetpack_publicize_feature_enabled":true,"jetpack_social_post_already_shared":true,"jetpack_social_options":{"image_generator_settings":{"template":"highway","default_image_id":0,"font":"","enabled":false},"version":2}},"categories":[2],"tags":[],"class_list":["post-18557","post","type-post","status-publish","format-standard","has-post-thumbnail","hentry","category-1-mannschaft"],"jetpack_publicize_connections":[],"jetpack_featured_media_url":"https:\/\/i0.wp.com\/www.svzweckel.de\/wp-content\/uploads\/wp-17611345984961877528661848461775.jpg?fit=2000%2C1125&ssl=1","jetpack_sharing_enabled":true,"_links":{"self":[{"href":"https:\/\/www.svzweckel.de\/index.php?rest_route=\/wp\/v2\/posts\/18557","targetHints":{"allow":["GET"]}}],"collection":[{"href":"https:\/\/www.svzweckel.de\/index.php?rest_route=\/wp\/v2\/posts"}],"about":[{"href":"https:\/\/www.svzweckel.de\/index.php?rest_route=\/wp\/v2\/types\/post"}],"author":[{"embeddable":true,"href":"https:\/\/www.svzweckel.de\/index.php?rest_route=\/wp\/v2\/users\/3"}],"replies":[{"embeddable":true,"href":"https:\/\/www.svzweckel.de\/index.php?rest_route=%2Fwp%2Fv2%2Fcomments&post=18557"}],"version-history":[{"count":1,"href":"https:\/\/www.svzweckel.de\/index.php?rest_route=\/wp\/v2\/posts\/18557\/revisions"}],"predecessor-version":[{"id":18558,"href":"https:\/\/www.svzweckel.de\/index.php?rest_route=\/wp\/v2\/posts\/18557\/revisions\/18558"}],"wp:featuredmedia":[{"embeddable":true,"href":"https:\/\/www.svzweckel.de\/index.php?rest_route=\/wp\/v2\/media\/18559"}],"wp:attachment":[{"href":"https:\/\/www.svzweckel.de\/index.php?rest_route=%2Fwp%2Fv2%2Fmedia&parent=18557"}],"wp:term":[{"taxonomy":"category","embeddable":true,"href":"https:\/\/www.svzweckel.de\/index.php?rest_route=%2Fwp%2Fv2%2Fcategories&post=18557"},{"taxonomy":"post_tag","embeddable":true,"href":"https:\/\/www.svzweckel.de\/index.php?rest_route=%2Fwp%2Fv2%2Ftags&post=18557"}],"curies":[{"name":"wp","href":"https:\/\/api.w.org\/{rel}","templated":true}]}}