{"id":1869,"date":"2015-01-30T06:50:08","date_gmt":"2015-01-30T06:50:08","guid":{"rendered":"http:\/\/www.svzweckel.de\/?p=1869"},"modified":"2015-01-31T21:48:29","modified_gmt":"2015-01-31T21:48:29","slug":"testspielergebnisse-der-ersten","status":"publish","type":"post","link":"https:\/\/www.svzweckel.de\/?p=1869","title":{"rendered":"Testspielergebnisse der Ersten"},"content":{"rendered":"<p>ESC Rellinghausen &#8211; SV Zweckel 4:2<\/p>\n<p>Nach acht Minuten lag der SV Zweckel in Essen bereits mit 0:2 in F\u00fchrung. Jonas Schmidt und Elvis Salja hatten f\u00fcr den Gast getroffen. Doch danach leisteten sich die G\u00e4ste zu viele Fehler und bekamen die schnellen Angreifer der Gastgeber nur schwer in den Griff. Bis zu Halbzeit drehten die Rellinghauser das Spiel und gingen mit 3:2 in F\u00fchrung. Trainer Appelt wechselte alle mitgereisten Spieler ein, so dass der Spielfluss erheblich litt und nat\u00fcrlich auch Abstimmungsprobleme zutage traten. Der Gastgeber setzte in der zweiten Halbzeit noch einen drauf und erh\u00f6hte auf den 4:2-Endstand, welcher als Ergebnis auch in Ordnung ging.<\/p>\n<p>SV Zweckel &#8211; SV H\u00f6nnepel-Niederm\u00f6rmter 2:1<\/p>\n<p>Das zweite Testspiel des Jahres 2015 bestritten die Zweckeler gegen den Kultclub H\u00f6-Nie. Das Motto des Vereins aus Kalkar\/Niederrhein lautet: \u201eDer Acker bebt\u201c. Am Donnerstagabend mussten beide Vereine auf dieses besondere Erlebnis in Kalkar verzichten, denn die Verantwortlichen hatten sich darauf geeinigt, das Spiel auf dem Kunstrasen stattfinden zu lassen. Die Niederrheiner verf\u00fcgen \u201enur\u201c \u00fcber zwei Rasenpl\u00e4tze und auch der SV Zweckel kann bekannterma\u00dfen nicht mit so einem Platz dienen. Deshalb fand die Partie auf einem angemieteten Kunstrasenplatz in Duisburg-Wedau in der dortigen Sportschule statt.<br \/>\nNachdem die Zweckeler am Tag zuvor noch 4:2 gegen den Landesligisten ESV Rellinghausen verloren hatten, pr\u00e4sentierten sie sich gegen H\u00f6-Nie in starker Verfassung. Die Abwehrreihe stand gut und lie\u00df kaum Torchancen des Tabellensiebten der Oberliga Niederrhein zu. In der Offensive konnten sich die St\u00fcrmer des SVZ einige wenige Male gut in Szene setzen. Eine \u00fcberragende Kombination zwischen Jan Trampe und Neuzugang Seyit Ersoy schloss Trampe in der 35. Minute mit der 1:0-F\u00fchrung ab. Nach dem Seitenwechesel brachte Trainer G\u00fcnter Appelt 4 neue Kr\u00e4fte, wobei der Spielfluss bzw. die Sicherheit in der Hintermannschaft kaum beeintr\u00e4chtig wurde. Norman Seidel konnte in der zweiten H\u00e4lfte auf 2:0 erh\u00f6hen, ehe H\u00f6-Nie den Anschlusstreffer erzielen konnte. Trainer Georg \u201eSchorsch\u201c Mewes kommentierte das Spiel seiner Elf gewohnt s\u00fcffisant und war laut vernehmbar nicht immer mit dem Spiel seiner Elf einverstanden. F\u00fcr Trainer Appelt war dieser Test eine gelungene Standortbestimmung, denn gegen einen guten Gegner konnten sich die Zweckeler letztendlich nicht unverdient durchsetzen.<\/p>\n","protected":false},"excerpt":{"rendered":"<p>ESC Rellinghausen &#8211; SV Zweckel 4:2 Nach acht Minuten lag der SV Zweckel in Essen bereits mit 0:2 in F\u00fchrung. Jonas Schmidt und Elvis Salja hatten f\u00fcr den Gast getroffen. Doch danach leisteten sich die G\u00e4ste zu viele Fehler und bekamen die schnellen Angreifer der Gastgeber nur schwer in den Griff. Bis zu Halbzeit drehten [&hellip;]<\/p>\n","protected":false},"author":3,"featured_media":1872,"comment_status":"open","ping_status":"open","sticky":false,"template":"","format":"standard","meta":{"_jetpack_memberships_contains_paid_content":false,"footnotes":"","jetpack_publicize_message":"","jetpack_publicize_feature_enabled":true,"jetpack_social_post_already_shared":false,"jetpack_social_options":{"image_generator_settings":{"template":"highway","default_image_id":0,"font":"","enabled":false},"version":2}},"categories":[2],"tags":[],"class_list":["post-1869","post","type-post","status-publish","format-standard","has-post-thumbnail","hentry","category-1-mannschaft"],"jetpack_publicize_connections":[],"jetpack_featured_media_url":"https:\/\/i0.wp.com\/www.svzweckel.de\/wp-content\/uploads\/2015\/01\/H%C3%B6Nie.jpg?fit=800%2C450&ssl=1","jetpack_sharing_enabled":true,"_links":{"self":[{"href":"https:\/\/www.svzweckel.de\/index.php?rest_route=\/wp\/v2\/posts\/1869","targetHints":{"allow":["GET"]}}],"collection":[{"href":"https:\/\/www.svzweckel.de\/index.php?rest_route=\/wp\/v2\/posts"}],"about":[{"href":"https:\/\/www.svzweckel.de\/index.php?rest_route=\/wp\/v2\/types\/post"}],"author":[{"embeddable":true,"href":"https:\/\/www.svzweckel.de\/index.php?rest_route=\/wp\/v2\/users\/3"}],"replies":[{"embeddable":true,"href":"https:\/\/www.svzweckel.de\/index.php?rest_route=%2Fwp%2Fv2%2Fcomments&post=1869"}],"version-history":[{"count":0,"href":"https:\/\/www.svzweckel.de\/index.php?rest_route=\/wp\/v2\/posts\/1869\/revisions"}],"wp:featuredmedia":[{"embeddable":true,"href":"https:\/\/www.svzweckel.de\/index.php?rest_route=\/wp\/v2\/media\/1872"}],"wp:attachment":[{"href":"https:\/\/www.svzweckel.de\/index.php?rest_route=%2Fwp%2Fv2%2Fmedia&parent=1869"}],"wp:term":[{"taxonomy":"category","embeddable":true,"href":"https:\/\/www.svzweckel.de\/index.php?rest_route=%2Fwp%2Fv2%2Fcategories&post=1869"},{"taxonomy":"post_tag","embeddable":true,"href":"https:\/\/www.svzweckel.de\/index.php?rest_route=%2Fwp%2Fv2%2Ftags&post=1869"}],"curies":[{"name":"wp","href":"https:\/\/api.w.org\/{rel}","templated":true}]}}