{"id":1878,"date":"2015-02-01T20:13:10","date_gmt":"2015-02-01T20:13:10","guid":{"rendered":"http:\/\/www.svzweckel.de\/?p=1878"},"modified":"2015-02-01T20:14:42","modified_gmt":"2015-02-01T20:14:42","slug":"zweckel-verliert-knapp-in-fischeln","status":"publish","type":"post","link":"https:\/\/www.svzweckel.de\/?p=1878","title":{"rendered":"Zweckel verliert knapp in Fischeln"},"content":{"rendered":"<p>Den dritten Test in 5 Tagen verlor der SV Zweckel knapp mit 2:1 beim VfR Fischeln. In einem intensiven Spiel traf der SVZ auf einen aggressiven Gastgeber, konnte sich aber insbesondere in der ersten Halbzeit gut behaupten. Mit technisch guten Kombinationen kamen die Zweckeler\u00a0 in den erste 45 Minuten einige Male gef\u00e4hrlich vor das Tor der Krefelder. In der 15. Minute f\u00fchrte Elvis Salja einen Freisto\u00df direkt aus und der gegnerische Torh\u00fcter konnte den Ball nur mit M\u00fche aus dem Winkel kratzen. 10 Minuten sp\u00e4ter zog der schnelle St\u00fcrmer nochmals aus gut 22m ab, der Ball strich jedoch knapp \u00fcbers Tor. In der 27. Minute setzte sich Aldin Kljajic nach sch\u00f6nem Doppelpass auf der rechten Seite durch, flankte nach innen und \u00fcber Jonas Schmidt und Seyit Ersoy kam der Ball zum Zweckeler Kapit\u00e4n Jan Trampe, der mit einem trockenen Schuss an den Innenpfosten zur 0:1-F\u00fchrung einnetzte. In der 36. Minute glich der Gastgeber \u00fcberraschend aus. Dennis Gr\u00fcger konnte den ersten Schuss aufs Tor noch halten, war aber gegen den Nachschuss machtlos. In der 70. Minute verusachte die Zweckeler Hintermannschaft einen Fouleflmeter, den der Gastgeber zur 2:1- F\u00fchrung nutzte. David Kulina, der ab Halzeit zwei Dennis Gr\u00fcger ersetzte, war zwa noch am Ball, der scharf geschossene Ball fand jedoch trotzdem den Weg ins Tor. In der 80. Minute traf Lucas Tomanek die Querlatte des Fischelner Geh\u00e4uses, zu mehr reichte es allerdings nicht mehr.<\/p>\n","protected":false},"excerpt":{"rendered":"<p>Den dritten Test in 5 Tagen verlor der SV Zweckel knapp mit 2:1 beim VfR Fischeln. In einem intensiven Spiel traf der SVZ auf einen aggressiven Gastgeber, konnte sich aber insbesondere in der ersten Halbzeit gut behaupten. Mit technisch guten Kombinationen kamen die Zweckeler\u00a0 in den erste 45 Minuten einige Male gef\u00e4hrlich vor das Tor [&hellip;]<\/p>\n","protected":false},"author":3,"featured_media":1879,"comment_status":"open","ping_status":"open","sticky":false,"template":"","format":"standard","meta":{"_jetpack_memberships_contains_paid_content":false,"footnotes":"","jetpack_publicize_message":"","jetpack_publicize_feature_enabled":true,"jetpack_social_post_already_shared":false,"jetpack_social_options":{"image_generator_settings":{"template":"highway","default_image_id":0,"font":"","enabled":false},"version":2}},"categories":[2],"tags":[],"class_list":["post-1878","post","type-post","status-publish","format-standard","has-post-thumbnail","hentry","category-1-mannschaft"],"jetpack_publicize_connections":[],"jetpack_featured_media_url":"https:\/\/i0.wp.com\/www.svzweckel.de\/wp-content\/uploads\/2015\/02\/Trampe.jpg?fit=800%2C446&ssl=1","jetpack_sharing_enabled":true,"_links":{"self":[{"href":"https:\/\/www.svzweckel.de\/index.php?rest_route=\/wp\/v2\/posts\/1878","targetHints":{"allow":["GET"]}}],"collection":[{"href":"https:\/\/www.svzweckel.de\/index.php?rest_route=\/wp\/v2\/posts"}],"about":[{"href":"https:\/\/www.svzweckel.de\/index.php?rest_route=\/wp\/v2\/types\/post"}],"author":[{"embeddable":true,"href":"https:\/\/www.svzweckel.de\/index.php?rest_route=\/wp\/v2\/users\/3"}],"replies":[{"embeddable":true,"href":"https:\/\/www.svzweckel.de\/index.php?rest_route=%2Fwp%2Fv2%2Fcomments&post=1878"}],"version-history":[{"count":0,"href":"https:\/\/www.svzweckel.de\/index.php?rest_route=\/wp\/v2\/posts\/1878\/revisions"}],"wp:featuredmedia":[{"embeddable":true,"href":"https:\/\/www.svzweckel.de\/index.php?rest_route=\/wp\/v2\/media\/1879"}],"wp:attachment":[{"href":"https:\/\/www.svzweckel.de\/index.php?rest_route=%2Fwp%2Fv2%2Fmedia&parent=1878"}],"wp:term":[{"taxonomy":"category","embeddable":true,"href":"https:\/\/www.svzweckel.de\/index.php?rest_route=%2Fwp%2Fv2%2Fcategories&post=1878"},{"taxonomy":"post_tag","embeddable":true,"href":"https:\/\/www.svzweckel.de\/index.php?rest_route=%2Fwp%2Fv2%2Ftags&post=1878"}],"curies":[{"name":"wp","href":"https:\/\/api.w.org\/{rel}","templated":true}]}}