{"id":18881,"date":"2026-03-08T19:51:38","date_gmt":"2026-03-08T18:51:38","guid":{"rendered":"https:\/\/www.svzweckel.de\/?p=18881"},"modified":"2026-03-08T19:51:38","modified_gmt":"2026-03-08T18:51:38","slug":"zweckel-dreht-das-sechs-punkte-spiel","status":"publish","type":"post","link":"https:\/\/www.svzweckel.de\/?p=18881","title":{"rendered":"Zweckel dreht das Sechs-Punkte-Spiel"},"content":{"rendered":"\n<p>BW Langenbochum \u2013 SV Zweckel 2:3 (1:0)<br \/>Die Partie begann mit Versp\u00e4tung, da Stammkeeper Dominik Bicker kurzfristig absagen musste und Ersatzkeeper Angelo Kuschel erst \u201eeingeflogen\u201c werden musste. Beim Aufw\u00e4rmen musste zudem Eray Ciplak mit einer Oberschenkelmuskelverletzung passen, sodass die Vorzeichen f\u00fcr das wichtige Sechs-Punkte-Spiel alles andere als g\u00fcnstig standen.<\/p>\n\n\n\n<p>Bereits nach sechs Minuten lagen die Schwarz-Gr\u00fcnen zur\u00fcck, und Angelo Kuschel bewahrte die G\u00e4ste wenige Minuten sp\u00e4ter mit einer starken Parade vor einem h\u00f6heren R\u00fcckstand. Es dauerte einige Zeit, bis die Zweckeler besser ins Spiel fanden und mit ersten Abschl\u00fcssen Druck auf den Gastgeber aus\u00fcbten.<\/p>\n\n\n\n<p>Mit viel Schwung kamen die Zweckeler aus der Halbzeitpause. Ein Foulelfmeter h\u00e4tte den Ausgleich bringen k\u00f6nnen, doch Dincer Erdem Kahraman scheiterte mit seinem Schuss am gegnerischen Torwart. In der Folge erspielten sich die G\u00e4ste mehrere gute Einschussm\u00f6glichkeiten, doch zun\u00e4chst blieb der verdiente Treffer aus.<\/p>\n\n\n\n<p>In der 66. Minute war es dann soweit: Nach einer Flanke von Milad Sahebzada erzielte Jan Schwers per Kopf den vielumjubelten Ausgleich. Nur zwei Minuten sp\u00e4ter schienen die Zweckeler endg\u00fcltig auf die Siegerstra\u00dfe einzubiegen, als Sebastian \u201ePillo\u201c Waldner einen starken Pass im Strafraum aufnahm und den Ball pr\u00e4zise ins linke untere Toreck zur 2:1-F\u00fchrung verwandelte.<\/p>\n\n\n\n<figure class=\"wp-block-image size-large\"><img data-recalc-dims=\"1\" loading=\"lazy\" decoding=\"async\" width=\"640\" height=\"360\" src=\"https:\/\/i0.wp.com\/www.svzweckel.de\/wp-content\/uploads\/wp-17729958445352791781129369261353.jpg?resize=640%2C360&#038;ssl=1\" alt=\"\" class=\"wp-image-18886\" srcset=\"https:\/\/i0.wp.com\/www.svzweckel.de\/wp-content\/uploads\/wp-17729958445352791781129369261353.jpg?resize=800%2C450&amp;ssl=1 800w, https:\/\/i0.wp.com\/www.svzweckel.de\/wp-content\/uploads\/wp-17729958445352791781129369261353.jpg?resize=300%2C169&amp;ssl=1 300w, https:\/\/i0.wp.com\/www.svzweckel.de\/wp-content\/uploads\/wp-17729958445352791781129369261353.jpg?resize=150%2C84&amp;ssl=1 150w, https:\/\/i0.wp.com\/www.svzweckel.de\/wp-content\/uploads\/wp-17729958445352791781129369261353.jpg?resize=768%2C432&amp;ssl=1 768w, https:\/\/i0.wp.com\/www.svzweckel.de\/wp-content\/uploads\/wp-17729958445352791781129369261353.jpg?resize=1536%2C864&amp;ssl=1 1536w, https:\/\/i0.wp.com\/www.svzweckel.de\/wp-content\/uploads\/wp-17729958445352791781129369261353.jpg?resize=640%2C360&amp;ssl=1 640w, https:\/\/i0.wp.com\/www.svzweckel.de\/wp-content\/uploads\/wp-17729958445352791781129369261353.jpg?resize=100%2C56&amp;ssl=1 100w, https:\/\/i0.wp.com\/www.svzweckel.de\/wp-content\/uploads\/wp-17729958445352791781129369261353.jpg?resize=50%2C28&amp;ssl=1 50w, https:\/\/i0.wp.com\/www.svzweckel.de\/wp-content\/uploads\/wp-17729958445352791781129369261353.jpg?resize=25%2C14&amp;ssl=1 25w, https:\/\/i0.wp.com\/www.svzweckel.de\/wp-content\/uploads\/wp-17729958445352791781129369261353.jpg?resize=569%2C320&amp;ssl=1 569w, https:\/\/i0.wp.com\/www.svzweckel.de\/wp-content\/uploads\/wp-17729958445352791781129369261353.jpg?resize=160%2C90&amp;ssl=1 160w, https:\/\/i0.wp.com\/www.svzweckel.de\/wp-content\/uploads\/wp-17729958445352791781129369261353.jpg?w=2000&amp;ssl=1 2000w, https:\/\/i0.wp.com\/www.svzweckel.de\/wp-content\/uploads\/wp-17729958445352791781129369261353.jpg?w=1280&amp;ssl=1 1280w, https:\/\/i0.wp.com\/www.svzweckel.de\/wp-content\/uploads\/wp-17729958445352791781129369261353.jpg?w=1920&amp;ssl=1 1920w\" sizes=\"auto, (max-width: 640px) 100vw, 640px\" \/><\/figure>\n\n\n\n<p>Die Freude w\u00e4hrte jedoch nur kurz, denn bereits f\u00fcnf Minuten sp\u00e4ter gelang dem Kapit\u00e4n der Gastgeber, Kevin Kriebel, der Ausgleich zum 2:2.<\/p>\n\n\n\n<p>In der Schlussphase entwickelte sich ein offener Schlagabtausch, in dem die G\u00e4ste die besseren M\u00f6glichkeiten hatten. In der 76. Minute schlug Leon Heckmann einen starken Diagonalball, der nach einem Ballkontakt mit einem wuchtigen Schuss durch Jan Schwers \u00fcber den Torwart hinweg im Langenbochumer Tor landete und den Zweckelern erneut die F\u00fchrung brachte.<\/p>\n\n\n\n<p>In der verbleibenden Spielzeit k\u00e4mpften die G\u00e4ste aufopferungsvoll und brachten den knappen Vorsprung \u00fcber die Zeit. Nach dem Abpfiff war der Jubel gro\u00df, und die Spieler lie\u00dfen sich von den zahlreichen Zweckeler Fans verdient feiern.<\/p>\n","protected":false},"excerpt":{"rendered":"<p>BW Langenbochum \u2013 SV Zweckel 2:3 (1:0)Die Partie begann mit Versp\u00e4tung, da Stammkeeper Dominik Bicker kurzfristig absagen musste und Ersatzkeeper Angelo Kuschel erst \u201eeingeflogen\u201c werden musste. Beim Aufw\u00e4rmen musste zudem Eray Ciplak mit einer Oberschenkelmuskelverletzung passen, sodass die Vorzeichen f\u00fcr das wichtige Sechs-Punkte-Spiel alles andere als g\u00fcnstig standen. Bereits nach sechs Minuten lagen die Schwarz-Gr\u00fcnen [&hellip;]<\/p>\n","protected":false},"author":3,"featured_media":18883,"comment_status":"open","ping_status":"","sticky":false,"template":"","format":"standard","meta":{"_jetpack_memberships_contains_paid_content":false,"footnotes":"","jetpack_publicize_message":"","jetpack_publicize_feature_enabled":true,"jetpack_social_post_already_shared":true,"jetpack_social_options":{"image_generator_settings":{"template":"highway","default_image_id":0,"font":"","enabled":false},"version":2}},"categories":[2],"tags":[],"class_list":["post-18881","post","type-post","status-publish","format-standard","has-post-thumbnail","hentry","category-1-mannschaft"],"jetpack_publicize_connections":[],"jetpack_featured_media_url":"https:\/\/i0.wp.com\/www.svzweckel.de\/wp-content\/uploads\/wp-17729957784576750223704721020548.jpg?fit=2000%2C1125&ssl=1","jetpack_sharing_enabled":true,"_links":{"self":[{"href":"https:\/\/www.svzweckel.de\/index.php?rest_route=\/wp\/v2\/posts\/18881","targetHints":{"allow":["GET"]}}],"collection":[{"href":"https:\/\/www.svzweckel.de\/index.php?rest_route=\/wp\/v2\/posts"}],"about":[{"href":"https:\/\/www.svzweckel.de\/index.php?rest_route=\/wp\/v2\/types\/post"}],"author":[{"embeddable":true,"href":"https:\/\/www.svzweckel.de\/index.php?rest_route=\/wp\/v2\/users\/3"}],"replies":[{"embeddable":true,"href":"https:\/\/www.svzweckel.de\/index.php?rest_route=%2Fwp%2Fv2%2Fcomments&post=18881"}],"version-history":[{"count":2,"href":"https:\/\/www.svzweckel.de\/index.php?rest_route=\/wp\/v2\/posts\/18881\/revisions"}],"predecessor-version":[{"id":18889,"href":"https:\/\/www.svzweckel.de\/index.php?rest_route=\/wp\/v2\/posts\/18881\/revisions\/18889"}],"wp:featuredmedia":[{"embeddable":true,"href":"https:\/\/www.svzweckel.de\/index.php?rest_route=\/wp\/v2\/media\/18883"}],"wp:attachment":[{"href":"https:\/\/www.svzweckel.de\/index.php?rest_route=%2Fwp%2Fv2%2Fmedia&parent=18881"}],"wp:term":[{"taxonomy":"category","embeddable":true,"href":"https:\/\/www.svzweckel.de\/index.php?rest_route=%2Fwp%2Fv2%2Fcategories&post=18881"},{"taxonomy":"post_tag","embeddable":true,"href":"https:\/\/www.svzweckel.de\/index.php?rest_route=%2Fwp%2Fv2%2Ftags&post=18881"}],"curies":[{"name":"wp","href":"https:\/\/api.w.org\/{rel}","templated":true}]}}