{"id":18890,"date":"2026-03-09T15:43:19","date_gmt":"2026-03-09T14:43:19","guid":{"rendered":"https:\/\/www.svzweckel.de\/?p=18890"},"modified":"2026-03-09T15:43:19","modified_gmt":"2026-03-09T14:43:19","slug":"derby-in-der-uli-simon-arena-zweckel-will-revanche-gegen-hassel","status":"publish","type":"post","link":"https:\/\/www.svzweckel.de\/?p=18890","title":{"rendered":"Derby in der Uli Simon Arena: Zweckel will Revanche gegen Hassel"},"content":{"rendered":"\n<p>Am Sonntag, 15. M\u00e4rz 2026 um 15:00 Uhr, kommt es in der Uli-Simon-Arena zum Derby zwischen dem SV Zweckel und dem SC Hassel.<\/p>\n\n\n\n<p>Die G\u00e4ste aus Hassel mussten am vergangenen Sonntag eine \u00fcberraschende Niederlage gegen den VfB H\u00fcls hinnehmen \u2013 jenes Team, das der SV Zweckel vor zwei Wochen, wenn auch in \u00dcberzahl, noch deutlich mit 3:0 besiegte. Mit R\u00fcckenwind reisen jedoch auch die Gastgeber an: Die Zweckeler gewannen ihr umk\u00e4mpftes Spiel bei Westfalia Langenbochum mit 3:2 und zogen die Hertener damit wieder mitten in den Abstiegskampf hinein. Gleichzeitig verk\u00fcrzte Zweckel den R\u00fcckstand auf Langenbochum auf nur noch zwei Punkte.<\/p>\n\n\n\n<p>Der SC Hassel spielt insgesamt eine solide Saison und steht mit 23 Punkten im gesicherten Mittelfeld. Das Hinspiel verlief allerdings \u00e4u\u00dferst bitter f\u00fcr die Gr\u00fcn-Wei\u00dfen: Hassel gewann damals klar mit 6:1. In der zweiten Halbzeit mussten die Zweckeler sogar mit doppelter Unterzahl auskommen. Kevin Kanke sah nach einer angeblichen Notbremse die rote Karte, und Erdem Dincer Kahraman kassierte nach einem Kommentar samt Applaus die Gelb-Rote Karte.<\/p>\n\n\n\n<p>Entsprechend gibt es f\u00fcr den SV Zweckel noch etwas aufzuarbeiten. Mit 14 Punkten belegen die Zweckeler aktuell den ersten Nichtabstiegsplatz und wollen den wichtigen Sieg in Langenbochum als zus\u00e4tzlichen Motivationsschub nutzen. Ziel ist es, auch im Derby gegen Hassel etwas Z\u00e4hlbares in der Uli-Simon-Arena zu behalten und im Kampf um den Klassenerhalt weiter wichtige Punkte zu sammeln.<\/p>\n","protected":false},"excerpt":{"rendered":"<p>Am Sonntag, 15. M\u00e4rz 2026 um 15:00 Uhr, kommt es in der Uli-Simon-Arena zum Derby zwischen dem SV Zweckel und dem SC Hassel. Die G\u00e4ste aus Hassel mussten am vergangenen Sonntag eine \u00fcberraschende Niederlage gegen den VfB H\u00fcls hinnehmen \u2013 jenes Team, das der SV Zweckel vor zwei Wochen, wenn auch in \u00dcberzahl, noch deutlich [&hellip;]<\/p>\n","protected":false},"author":3,"featured_media":18891,"comment_status":"open","ping_status":"","sticky":false,"template":"","format":"standard","meta":{"_jetpack_memberships_contains_paid_content":false,"footnotes":"","jetpack_publicize_message":"","jetpack_publicize_feature_enabled":true,"jetpack_social_post_already_shared":true,"jetpack_social_options":{"image_generator_settings":{"template":"highway","default_image_id":0,"font":"","enabled":false},"version":2}},"categories":[3],"tags":[],"class_list":["post-18890","post","type-post","status-publish","format-standard","has-post-thumbnail","hentry","category-allgemein"],"jetpack_publicize_connections":[],"jetpack_featured_media_url":"https:\/\/i0.wp.com\/www.svzweckel.de\/wp-content\/uploads\/BWL.jpg?fit=2036%2C1527&ssl=1","jetpack_sharing_enabled":true,"_links":{"self":[{"href":"https:\/\/www.svzweckel.de\/index.php?rest_route=\/wp\/v2\/posts\/18890","targetHints":{"allow":["GET"]}}],"collection":[{"href":"https:\/\/www.svzweckel.de\/index.php?rest_route=\/wp\/v2\/posts"}],"about":[{"href":"https:\/\/www.svzweckel.de\/index.php?rest_route=\/wp\/v2\/types\/post"}],"author":[{"embeddable":true,"href":"https:\/\/www.svzweckel.de\/index.php?rest_route=\/wp\/v2\/users\/3"}],"replies":[{"embeddable":true,"href":"https:\/\/www.svzweckel.de\/index.php?rest_route=%2Fwp%2Fv2%2Fcomments&post=18890"}],"version-history":[{"count":1,"href":"https:\/\/www.svzweckel.de\/index.php?rest_route=\/wp\/v2\/posts\/18890\/revisions"}],"predecessor-version":[{"id":18892,"href":"https:\/\/www.svzweckel.de\/index.php?rest_route=\/wp\/v2\/posts\/18890\/revisions\/18892"}],"wp:featuredmedia":[{"embeddable":true,"href":"https:\/\/www.svzweckel.de\/index.php?rest_route=\/wp\/v2\/media\/18891"}],"wp:attachment":[{"href":"https:\/\/www.svzweckel.de\/index.php?rest_route=%2Fwp%2Fv2%2Fmedia&parent=18890"}],"wp:term":[{"taxonomy":"category","embeddable":true,"href":"https:\/\/www.svzweckel.de\/index.php?rest_route=%2Fwp%2Fv2%2Fcategories&post=18890"},{"taxonomy":"post_tag","embeddable":true,"href":"https:\/\/www.svzweckel.de\/index.php?rest_route=%2Fwp%2Fv2%2Ftags&post=18890"}],"curies":[{"name":"wp","href":"https:\/\/api.w.org\/{rel}","templated":true}]}}