{"id":18893,"date":"2026-03-10T19:12:25","date_gmt":"2026-03-10T18:12:25","guid":{"rendered":"https:\/\/www.svzweckel.de\/?p=18893"},"modified":"2026-04-11T09:52:36","modified_gmt":"2026-04-11T07:52:36","slug":"jahreshauptversammlung-am-10-april-2026","status":"publish","type":"post","link":"https:\/\/www.svzweckel.de\/?p=18893","title":{"rendered":"Jahreshauptversammlung am 10. April 2026"},"content":{"rendered":"\n<p>Die Jahreshauptversammlung 2026 findet am Freitag, dem 10. April 2026 um 19:23 Uhr im Zweckeler Vereinsheim statt und beinhaltet folgende Tagesordnungspunkte:<\/p>\n\n\n\n<ol class=\"wp-block-list\">\n<li>Feststellung der Beschlussf\u00e4higkeit der Versammlung<\/li>\n\n\n\n<li>Allgemeiner Jahresbericht des Vorstandes und Bericht \u00fcber das laufende Gesch\u00e4ftsjahr<\/li>\n\n\n\n<li>Jahresbericht Alte Herren<\/li>\n\n\n\n<li>Jahresbericht Jugendabteilung<\/li>\n\n\n\n<li>Jahresbericht Darts<\/li>\n\n\n\n<li>Kassenbericht<\/li>\n\n\n\n<li>Bericht der Kassenpr\u00fcfer<\/li>\n\n\n\n<li>Wahl des Wahlleiters<\/li>\n\n\n\n<li>Entlastung des Vorstandes<\/li>\n\n\n\n<li>Wahlen<\/li>\n\n\n\n<li>Ehrungen<\/li>\n\n\n\n<li>Verschiedenes<\/li>\n<\/ol>\n\n\n\n<p>Gem\u00e4\u00df 10.6 der Satzung m\u00fcssen Antr\u00e4ge von Mitgliedern zur Tagesordnung mindestens 5 Tage vor der Versammlung schriftlich bei dem Vorsitzenden eingegangen sein. Diese Antr\u00e4ge sind in die Tagesordnung aufzunehmen.<\/p>\n\n\n\n<p>An der Jahreshauptversammlung k\u00f6nnen ausschlie\u00dflich Vereinsmitglieder teilnehmen. Alle anderen G\u00e4ste werden gebeten, das Vereinsheim bis 19:00 Uhr zu verlassen.<\/p>\n\n\n\n<p>Der Vorstand<\/p>\n","protected":false},"excerpt":{"rendered":"<p>Die Jahreshauptversammlung 2026 findet am Freitag, dem 10. April 2026 um 19:23 Uhr im Zweckeler Vereinsheim statt und beinhaltet folgende Tagesordnungspunkte: Gem\u00e4\u00df 10.6 der Satzung m\u00fcssen Antr\u00e4ge von Mitgliedern zur Tagesordnung mindestens 5 Tage vor der Versammlung schriftlich bei dem Vorsitzenden eingegangen sein. Diese Antr\u00e4ge sind in die Tagesordnung aufzunehmen. An der Jahreshauptversammlung k\u00f6nnen ausschlie\u00dflich [&hellip;]<\/p>\n","protected":false},"author":3,"featured_media":18895,"comment_status":"open","ping_status":"closed","sticky":false,"template":"","format":"standard","meta":{"_jetpack_memberships_contains_paid_content":false,"footnotes":"","jetpack_publicize_message":"","jetpack_publicize_feature_enabled":true,"jetpack_social_post_already_shared":true,"jetpack_social_options":{"image_generator_settings":{"template":"highway","default_image_id":0,"font":"","enabled":false},"version":2}},"categories":[3],"tags":[],"class_list":["post-18893","post","type-post","status-publish","format-standard","has-post-thumbnail","hentry","category-allgemein"],"jetpack_publicize_connections":[],"jetpack_featured_media_url":"https:\/\/i0.wp.com\/www.svzweckel.de\/wp-content\/uploads\/Legendenspiel-Gross.jpg?fit=1496%2C1080&ssl=1","jetpack_sharing_enabled":true,"_links":{"self":[{"href":"https:\/\/www.svzweckel.de\/index.php?rest_route=\/wp\/v2\/posts\/18893","targetHints":{"allow":["GET"]}}],"collection":[{"href":"https:\/\/www.svzweckel.de\/index.php?rest_route=\/wp\/v2\/posts"}],"about":[{"href":"https:\/\/www.svzweckel.de\/index.php?rest_route=\/wp\/v2\/types\/post"}],"author":[{"embeddable":true,"href":"https:\/\/www.svzweckel.de\/index.php?rest_route=\/wp\/v2\/users\/3"}],"replies":[{"embeddable":true,"href":"https:\/\/www.svzweckel.de\/index.php?rest_route=%2Fwp%2Fv2%2Fcomments&post=18893"}],"version-history":[{"count":1,"href":"https:\/\/www.svzweckel.de\/index.php?rest_route=\/wp\/v2\/posts\/18893\/revisions"}],"predecessor-version":[{"id":18894,"href":"https:\/\/www.svzweckel.de\/index.php?rest_route=\/wp\/v2\/posts\/18893\/revisions\/18894"}],"wp:featuredmedia":[{"embeddable":true,"href":"https:\/\/www.svzweckel.de\/index.php?rest_route=\/wp\/v2\/media\/18895"}],"wp:attachment":[{"href":"https:\/\/www.svzweckel.de\/index.php?rest_route=%2Fwp%2Fv2%2Fmedia&parent=18893"}],"wp:term":[{"taxonomy":"category","embeddable":true,"href":"https:\/\/www.svzweckel.de\/index.php?rest_route=%2Fwp%2Fv2%2Fcategories&post=18893"},{"taxonomy":"post_tag","embeddable":true,"href":"https:\/\/www.svzweckel.de\/index.php?rest_route=%2Fwp%2Fv2%2Ftags&post=18893"}],"curies":[{"name":"wp","href":"https:\/\/api.w.org\/{rel}","templated":true}]}}