{"id":18905,"date":"2026-03-15T21:37:12","date_gmt":"2026-03-15T20:37:12","guid":{"rendered":"https:\/\/www.svzweckel.de\/?p=18905"},"modified":"2026-03-15T21:38:24","modified_gmt":"2026-03-15T20:38:24","slug":"18905","status":"publish","type":"post","link":"https:\/\/www.svzweckel.de\/?p=18905","title":{"rendered":"Revanche gegen Hassel gelingt"},"content":{"rendered":"\n<p>Der SV Zweckel hat das Bezirksliga-Derby gegen den SC Hassel deutlich mit 5:1 gewonnen und damit einen wichtigen Schritt im Abstiegskampf gemacht. Trainer Marc Sch\u00e4fer hatte seine Mannschaft im Vorfeld besonders motiviert, um den Abstand zu den direkten Konkurrenten zu vergr\u00f6\u00dfern.<\/p>\n\n\n\n<p>Zum Mann des Tages avancierte Sebastian Waldner, der mit drei sehenswerten Distanzsch\u00fcssen gl\u00e4nzte. Er brachte Zweckel in der 16. Minute durch einen Schuss aus 25 Metern in den &#8222;Knick&#8220; in F\u00fchrung, sp\u00e4ter traf er noch zum 4:1 und 5:1. Zwischenzeitlich hatten Dincer Erdem Kahraman (20.) und Winterzugang Mohammed El Kasmi, der von Hassel zum SV Zweckel gewechselt war, in der 28. Minute auf 3:0 erh\u00f6ht.<\/p>\n\n\n\n<p>Nach dem zwischenzeitlichen 1:3 durch den Ex-Zweckeler Lukas Bergmann (30.) sorgte Waldner noch vor der Pause f\u00fcr klare Verh\u00e4ltnisse. Kurz nach dem Seitenwechsel machte er mit seinem dritten Treffer alles klar. In der Schlussphase sah Hassels Tom Altehage nach einem groben Foulspiel die Rote Karte.<\/p>\n\n\n\n<p>Trotz des deutlichen Erfolges bleibt Sch\u00e4fer realistisch: \u201eF\u00fcr uns wird es bis zum letzten Spieltag um den Klassenerhalt gehen.\u201c<br \/>Vor dem Spiel w\u00e4ren wohl alle Beteiligten des SV Zweckel mit einem solch deutlichen Ergebnis hochzufrieden gewesen. Nach der Partie h\u00e4tte man allerdings auf h\u00f6herem Niveau noch etwas meckern k\u00f6nnen, denn die Zweckeler spielten einige vielversprechende Angriffe nicht sauber zu Ende.<\/p>\n\n\n\n<p>Mit nun 17 Punkten ist der SV Zweckel an Blau-Wei\u00df Westfalia Langenbochum vorbeigezogen, die ihr Heimspiel mit 1:5 gegen den SV Hochlar 28 verloren. Da auch der FC Marokko Herne unterlag und der VfB B\u00f6rnig spielfrei hatte, ist der Vorsprung der Zweckeler auf die Abstiegspl\u00e4tze auf sechs Punkte angewachsen.<\/p>\n","protected":false},"excerpt":{"rendered":"<p>Der SV Zweckel hat das Bezirksliga-Derby gegen den SC Hassel deutlich mit 5:1 gewonnen und damit einen wichtigen Schritt im Abstiegskampf gemacht. Trainer Marc Sch\u00e4fer hatte seine Mannschaft im Vorfeld besonders motiviert, um den Abstand zu den direkten Konkurrenten zu vergr\u00f6\u00dfern. Zum Mann des Tages avancierte Sebastian Waldner, der mit drei sehenswerten Distanzsch\u00fcssen gl\u00e4nzte. Er [&hellip;]<\/p>\n","protected":false},"author":3,"featured_media":18909,"comment_status":"open","ping_status":"","sticky":false,"template":"","format":"standard","meta":{"_jetpack_memberships_contains_paid_content":false,"footnotes":"","jetpack_publicize_message":"","jetpack_publicize_feature_enabled":true,"jetpack_social_post_already_shared":true,"jetpack_social_options":{"image_generator_settings":{"template":"highway","default_image_id":0,"font":"","enabled":false},"version":2}},"categories":[2],"tags":[],"class_list":["post-18905","post","type-post","status-publish","format-standard","has-post-thumbnail","hentry","category-1-mannschaft"],"jetpack_publicize_connections":[],"jetpack_featured_media_url":"https:\/\/i0.wp.com\/www.svzweckel.de\/wp-content\/uploads\/PXL_20260315_135841954-Gross-1.jpg?fit=1920%2C1080&ssl=1","jetpack_sharing_enabled":true,"_links":{"self":[{"href":"https:\/\/www.svzweckel.de\/index.php?rest_route=\/wp\/v2\/posts\/18905","targetHints":{"allow":["GET"]}}],"collection":[{"href":"https:\/\/www.svzweckel.de\/index.php?rest_route=\/wp\/v2\/posts"}],"about":[{"href":"https:\/\/www.svzweckel.de\/index.php?rest_route=\/wp\/v2\/types\/post"}],"author":[{"embeddable":true,"href":"https:\/\/www.svzweckel.de\/index.php?rest_route=\/wp\/v2\/users\/3"}],"replies":[{"embeddable":true,"href":"https:\/\/www.svzweckel.de\/index.php?rest_route=%2Fwp%2Fv2%2Fcomments&post=18905"}],"version-history":[{"count":3,"href":"https:\/\/www.svzweckel.de\/index.php?rest_route=\/wp\/v2\/posts\/18905\/revisions"}],"predecessor-version":[{"id":18910,"href":"https:\/\/www.svzweckel.de\/index.php?rest_route=\/wp\/v2\/posts\/18905\/revisions\/18910"}],"wp:featuredmedia":[{"embeddable":true,"href":"https:\/\/www.svzweckel.de\/index.php?rest_route=\/wp\/v2\/media\/18909"}],"wp:attachment":[{"href":"https:\/\/www.svzweckel.de\/index.php?rest_route=%2Fwp%2Fv2%2Fmedia&parent=18905"}],"wp:term":[{"taxonomy":"category","embeddable":true,"href":"https:\/\/www.svzweckel.de\/index.php?rest_route=%2Fwp%2Fv2%2Fcategories&post=18905"},{"taxonomy":"post_tag","embeddable":true,"href":"https:\/\/www.svzweckel.de\/index.php?rest_route=%2Fwp%2Fv2%2Ftags&post=18905"}],"curies":[{"name":"wp","href":"https:\/\/api.w.org\/{rel}","templated":true}]}}