{"id":18912,"date":"2026-03-16T15:40:58","date_gmt":"2026-03-16T14:40:58","guid":{"rendered":"https:\/\/www.svzweckel.de\/?p=18912"},"modified":"2026-03-16T15:41:40","modified_gmt":"2026-03-16T14:41:40","slug":"schwere-aufgabe-in-horst-2","status":"publish","type":"post","link":"https:\/\/www.svzweckel.de\/?p=18912","title":{"rendered":"Schwere Aufgabe in Horst"},"content":{"rendered":"\n<p>Am Sonntag, 23.03.2026, steht f\u00fcr den SV Zweckel ein schweres Ausw\u00e4rtsspiel an. Um 15:15 Uhr treten die Schwarz-Gr\u00fcnen bei Horst an.<\/p>\n\n\n\n<p>Die Gastgeber geh\u00f6ren zu den formst\u00e4rksten Teams der R\u00fcckrunde. In f\u00fcnf Spielen blieb Horst bislang ungeschlagen und holte drei Siege sowie zwei Unentschieden. Damit ist die Mannschaft aktuell die zweitbeste R\u00fcckrundenmannschaft und macht sich weiterhin Hoffnungen im Aufstiegsrennen.<\/p>\n\n\n\n<p>Auch der SV Zweckel konnte in der R\u00fcckrunde bereits drei Siege feiern, musste allerdings in Erle sowie gegen Hochlar klare Niederlagen hinnehmen. Der \u00fcberzeugende 5:1-Derbysieg gegen Hassel am vergangenen Spieltag hat jedoch neues Selbstvertrauen gegeben. Mit dem deutlichen Erfolg nahmen die Zweckeler zugleich Revanche f\u00fcr die bittere 1:6-Hinspielniederlage.<\/p>\n\n\n\n<p>In Horst h\u00e4ngen die Trauben allerdings sehr hoch, sodass bereits ein Punktgewinn f\u00fcr die Zweckeler als \u00dcberraschung gelten w\u00fcrde. Zus\u00e4tzlich trifft man dort auf einige bekannte Gesichter: Mit Dario Schierenberg und Moritz Heidenreich tragen zwei Spieler das Horster Trikot, die jahrelang f\u00fcr Zweckel aktiv waren. Auch Ramadan Ibrahim und German Prudetsky standen bereits im schwarz-gr\u00fcnen Dress auf dem Platz.<\/p>\n\n\n\n<p>Personell m\u00fcssen die Zweckeler auf die gesperrten Justin Mingo und Jakob Szczurek verzichten. Die Hoffnung liegt deshalb darauf, dass der eine oder andere zuletzt verletzte Spieler wieder in den Kader zur\u00fcckkehren kann.<\/p>\n\n\n\n<p>Mit viel Kampf und Leidenschaft will der SV Zweckel versuchen, ein gutes Ergebnis mitzunehmen \u2013 und vor allem die deutliche 0:7-Niederlage aus dem Hinspiel vergessen zu machen.<\/p>\n","protected":false},"excerpt":{"rendered":"<p>Am Sonntag, 23.03.2026, steht f\u00fcr den SV Zweckel ein schweres Ausw\u00e4rtsspiel an. Um 15:15 Uhr treten die Schwarz-Gr\u00fcnen bei Horst an. Die Gastgeber geh\u00f6ren zu den formst\u00e4rksten Teams der R\u00fcckrunde. In f\u00fcnf Spielen blieb Horst bislang ungeschlagen und holte drei Siege sowie zwei Unentschieden. Damit ist die Mannschaft aktuell die zweitbeste R\u00fcckrundenmannschaft und macht sich [&hellip;]<\/p>\n","protected":false},"author":3,"featured_media":18914,"comment_status":"open","ping_status":"","sticky":false,"template":"","format":"standard","meta":{"_jetpack_memberships_contains_paid_content":false,"footnotes":"","jetpack_publicize_message":"","jetpack_publicize_feature_enabled":true,"jetpack_social_post_already_shared":true,"jetpack_social_options":{"image_generator_settings":{"template":"highway","default_image_id":0,"font":"","enabled":false},"version":2}},"categories":[2],"tags":[],"class_list":["post-18912","post","type-post","status-publish","format-standard","has-post-thumbnail","hentry","category-1-mannschaft"],"jetpack_publicize_connections":[],"jetpack_featured_media_url":"https:\/\/i0.wp.com\/www.svzweckel.de\/wp-content\/uploads\/Hassel.jpg?fit=2248%2C1686&ssl=1","jetpack_sharing_enabled":true,"_links":{"self":[{"href":"https:\/\/www.svzweckel.de\/index.php?rest_route=\/wp\/v2\/posts\/18912","targetHints":{"allow":["GET"]}}],"collection":[{"href":"https:\/\/www.svzweckel.de\/index.php?rest_route=\/wp\/v2\/posts"}],"about":[{"href":"https:\/\/www.svzweckel.de\/index.php?rest_route=\/wp\/v2\/types\/post"}],"author":[{"embeddable":true,"href":"https:\/\/www.svzweckel.de\/index.php?rest_route=\/wp\/v2\/users\/3"}],"replies":[{"embeddable":true,"href":"https:\/\/www.svzweckel.de\/index.php?rest_route=%2Fwp%2Fv2%2Fcomments&post=18912"}],"version-history":[{"count":1,"href":"https:\/\/www.svzweckel.de\/index.php?rest_route=\/wp\/v2\/posts\/18912\/revisions"}],"predecessor-version":[{"id":18913,"href":"https:\/\/www.svzweckel.de\/index.php?rest_route=\/wp\/v2\/posts\/18912\/revisions\/18913"}],"wp:featuredmedia":[{"embeddable":true,"href":"https:\/\/www.svzweckel.de\/index.php?rest_route=\/wp\/v2\/media\/18914"}],"wp:attachment":[{"href":"https:\/\/www.svzweckel.de\/index.php?rest_route=%2Fwp%2Fv2%2Fmedia&parent=18912"}],"wp:term":[{"taxonomy":"category","embeddable":true,"href":"https:\/\/www.svzweckel.de\/index.php?rest_route=%2Fwp%2Fv2%2Fcategories&post=18912"},{"taxonomy":"post_tag","embeddable":true,"href":"https:\/\/www.svzweckel.de\/index.php?rest_route=%2Fwp%2Fv2%2Ftags&post=18912"}],"curies":[{"name":"wp","href":"https:\/\/api.w.org\/{rel}","templated":true}]}}