{"id":19087,"date":"2026-04-24T13:23:44","date_gmt":"2026-04-24T11:23:44","guid":{"rendered":"https:\/\/www.svzweckel.de\/?p=19087"},"modified":"2026-04-24T13:23:44","modified_gmt":"2026-04-24T11:23:44","slug":"abstiegskampf-spitzt-sich-zu-zweckel-vor-schwerer-aufgabe-in-herne","status":"publish","type":"post","link":"https:\/\/www.svzweckel.de\/?p=19087","title":{"rendered":"Abstiegskampf spitzt sich zu: Zweckel vor schwerer Aufgabe in Herne"},"content":{"rendered":"\n<p>Sonntag, 26.04.26, 15:00 Uhr: Firtinaspor Herne &#8211; SV Zweckel<br \/>Spielort: Kunstrasenplatz Emscherstra\u00dfe 113, 44649 Herne<\/p>\n\n\n\n<p>Der SV Zweckel steht vor einem richtungsweisenden Ausw\u00e4rtsspiel bei Firtinaspor Herne. Beide Teams konnten am vergangenen Wochenende Selbstvertrauen tanken: W\u00e4hrend Zweckel im Testspiel gegen die A-Junioren von Westfalia Herne erfolgreich war, setzte Firtinaspor mit einem klaren 4:0-Erfolg beim VfB H\u00fcls ein Ausrufezeichen.<\/p>\n\n\n\n<p>In der Tabelle belegen die Schwarz-Gr\u00fcnen aktuell den ersten Nichtabstiegsplatz, haben jedoch lediglich drei Punkte Vorsprung auf Marokko Herne. Deren letzte Partie wurde abgesetzt, die Wertung steht noch aus \u2013 die Lage bleibt also angespannt.<\/p>\n\n\n\n<p>Nach oben scheint der Spielraum begrenzt: BW Langenbochum hat sich mit starken Leistungen der letzten Wochen bereits etwas abgesetzt und liegt sieben Punkte vor Zweckel.<\/p>\n\n\n\n<p>Damit deutet vieles auf einen engen Dreikampf um den Klassenerhalt hin. Neben dem SV Zweckel k\u00e4mpfen auch der VfB B\u00f6rnig und Marokko Herne um die verbleibenden Pl\u00e4tze \u00fcber dem Strich.<\/p>\n\n\n\n<p>F\u00fcr Zweckel z\u00e4hlt in Herne daher jeder Punkt \u2013 im besten Fall soll mit einem Ausw\u00e4rtssieg ein wichtiger Schritt Richtung Klassenerhalt gemacht werden<\/p>\n","protected":false},"excerpt":{"rendered":"<p>Sonntag, 26.04.26, 15:00 Uhr: Firtinaspor Herne &#8211; SV ZweckelSpielort: Kunstrasenplatz Emscherstra\u00dfe 113, 44649 Herne Der SV Zweckel steht vor einem richtungsweisenden Ausw\u00e4rtsspiel bei Firtinaspor Herne. Beide Teams konnten am vergangenen Wochenende Selbstvertrauen tanken: W\u00e4hrend Zweckel im Testspiel gegen die A-Junioren von Westfalia Herne erfolgreich war, setzte Firtinaspor mit einem klaren 4:0-Erfolg beim VfB H\u00fcls ein [&hellip;]<\/p>\n","protected":false},"author":3,"featured_media":19088,"comment_status":"open","ping_status":"","sticky":false,"template":"","format":"standard","meta":{"_jetpack_memberships_contains_paid_content":false,"footnotes":"","jetpack_publicize_message":"","jetpack_publicize_feature_enabled":true,"jetpack_social_post_already_shared":true,"jetpack_social_options":{"image_generator_settings":{"template":"highway","default_image_id":0,"font":"","enabled":false},"version":2}},"categories":[2],"tags":[],"class_list":["post-19087","post","type-post","status-publish","format-standard","has-post-thumbnail","hentry","category-1-mannschaft"],"jetpack_publicize_connections":[],"jetpack_featured_media_url":"https:\/\/i0.wp.com\/www.svzweckel.de\/wp-content\/uploads\/Westfalia-Herne-A.jpg?fit=1920%2C1080&ssl=1","jetpack_sharing_enabled":true,"_links":{"self":[{"href":"https:\/\/www.svzweckel.de\/index.php?rest_route=\/wp\/v2\/posts\/19087","targetHints":{"allow":["GET"]}}],"collection":[{"href":"https:\/\/www.svzweckel.de\/index.php?rest_route=\/wp\/v2\/posts"}],"about":[{"href":"https:\/\/www.svzweckel.de\/index.php?rest_route=\/wp\/v2\/types\/post"}],"author":[{"embeddable":true,"href":"https:\/\/www.svzweckel.de\/index.php?rest_route=\/wp\/v2\/users\/3"}],"replies":[{"embeddable":true,"href":"https:\/\/www.svzweckel.de\/index.php?rest_route=%2Fwp%2Fv2%2Fcomments&post=19087"}],"version-history":[{"count":1,"href":"https:\/\/www.svzweckel.de\/index.php?rest_route=\/wp\/v2\/posts\/19087\/revisions"}],"predecessor-version":[{"id":19089,"href":"https:\/\/www.svzweckel.de\/index.php?rest_route=\/wp\/v2\/posts\/19087\/revisions\/19089"}],"wp:featuredmedia":[{"embeddable":true,"href":"https:\/\/www.svzweckel.de\/index.php?rest_route=\/wp\/v2\/media\/19088"}],"wp:attachment":[{"href":"https:\/\/www.svzweckel.de\/index.php?rest_route=%2Fwp%2Fv2%2Fmedia&parent=19087"}],"wp:term":[{"taxonomy":"category","embeddable":true,"href":"https:\/\/www.svzweckel.de\/index.php?rest_route=%2Fwp%2Fv2%2Fcategories&post=19087"},{"taxonomy":"post_tag","embeddable":true,"href":"https:\/\/www.svzweckel.de\/index.php?rest_route=%2Fwp%2Fv2%2Ftags&post=19087"}],"curies":[{"name":"wp","href":"https:\/\/api.w.org\/{rel}","templated":true}]}}