{"id":19095,"date":"2026-04-26T18:31:17","date_gmt":"2026-04-26T16:31:17","guid":{"rendered":"https:\/\/www.svzweckel.de\/?p=19095"},"modified":"2026-04-27T09:38:48","modified_gmt":"2026-04-27T07:38:48","slug":"last-minute-zittern-aber-zweckel-siegt-im-torfestival-von-herne","status":"publish","type":"post","link":"https:\/\/www.svzweckel.de\/?p=19095","title":{"rendered":"Last-Minute-Zittern, aber Zweckel siegt im Torfestival von Herne!"},"content":{"rendered":"\n<p>Firtinaspor Herne &#8211; SV Zeckel 3:4 (1:2)<\/p>\n\n\n\n<p>Was f\u00fcr ein Spiel! Der SV Zweckel hat sich bei Firtinaspor Herne in einem torreichen und umk\u00e4mpften Duell mit 4:3 durchgesetzt und wichtige Punkte im Abstiegskampf gesammelt.<\/p>\n\n\n\n<p>Die G\u00e4ste erwischten einen Traumstart: Bereits in der 11. Minute brachte Jan Schwers eine pr\u00e4zise Flanke auf Sebastian Waldner, der den Ball stark annahm und unhaltbar ins obere rechte Eck zur 0:1-F\u00fchrung vollendete. Nur wenige Minuten sp\u00e4ter folgte direkt der n\u00e4chste Treffer: Nach einem Einwurf von Mohamed Demir wurde der Ball mit dem Kopf auf Jan Schwers verl\u00e4ngert, der zum 0:2 einschob (17.). Zweckel hatte das Spiel zun\u00e4chst komplett im Griff und h\u00e4tte durch einen schnellen Angriff sogar noch erh\u00f6hen k\u00f6nnen, lie\u00df diese Chance jedoch liegen.<\/p>\n\n\n\n<p>Kurz vor der Pause kam Firtinaspor zur\u00fcck ins Spiel. Nach einer un\u00fcbersichtlichen Situation im Strafraum fiel in der 38. Minute der Anschlusstreffer zum 1:2.<\/p>\n\n\n\n<p>Nach dem Seitenwechsel wurde es dann turbulent: In der 50. Minute gelang den Gastgebern per Kopfball der Ausgleich zum 2:2. Doch Zweckel zeigte die richtige Reaktion: Nur f\u00fcnf Minuten sp\u00e4ter ging Zweckel nach einem Schuss aus 22 Metern sehenswert in F\u00fchrung (2:3, 55.). Kurz darauf hatte Jan Schwers die Chance zu erh\u00f6hen, scheiterte jedoch.<\/p>\n\n\n\n<p>In der 67. Minute machten es die Zweckeler dann besser dann besser: Nach einem Angriff \u00fcber die linke Seite erzielten die G\u00e4ste durch einen Flachschuss ins linke Eck das 2:4.<\/p>\n\n\n\n<figure class=\"wp-block-image size-large\"><img data-recalc-dims=\"1\" loading=\"lazy\" decoding=\"async\" width=\"640\" height=\"360\" src=\"https:\/\/i0.wp.com\/www.svzweckel.de\/wp-content\/uploads\/Firtinaspor-Hern_2.jpg?resize=640%2C360&#038;ssl=1\" alt=\"\" class=\"wp-image-19099\" srcset=\"https:\/\/i0.wp.com\/www.svzweckel.de\/wp-content\/uploads\/Firtinaspor-Hern_2.jpg?resize=800%2C450&amp;ssl=1 800w, https:\/\/i0.wp.com\/www.svzweckel.de\/wp-content\/uploads\/Firtinaspor-Hern_2.jpg?resize=300%2C169&amp;ssl=1 300w, https:\/\/i0.wp.com\/www.svzweckel.de\/wp-content\/uploads\/Firtinaspor-Hern_2.jpg?resize=150%2C84&amp;ssl=1 150w, https:\/\/i0.wp.com\/www.svzweckel.de\/wp-content\/uploads\/Firtinaspor-Hern_2.jpg?resize=768%2C432&amp;ssl=1 768w, https:\/\/i0.wp.com\/www.svzweckel.de\/wp-content\/uploads\/Firtinaspor-Hern_2.jpg?resize=1536%2C864&amp;ssl=1 1536w, https:\/\/i0.wp.com\/www.svzweckel.de\/wp-content\/uploads\/Firtinaspor-Hern_2.jpg?resize=640%2C360&amp;ssl=1 640w, https:\/\/i0.wp.com\/www.svzweckel.de\/wp-content\/uploads\/Firtinaspor-Hern_2.jpg?resize=100%2C56&amp;ssl=1 100w, https:\/\/i0.wp.com\/www.svzweckel.de\/wp-content\/uploads\/Firtinaspor-Hern_2.jpg?resize=50%2C28&amp;ssl=1 50w, https:\/\/i0.wp.com\/www.svzweckel.de\/wp-content\/uploads\/Firtinaspor-Hern_2.jpg?resize=25%2C14&amp;ssl=1 25w, https:\/\/i0.wp.com\/www.svzweckel.de\/wp-content\/uploads\/Firtinaspor-Hern_2.jpg?resize=569%2C320&amp;ssl=1 569w, https:\/\/i0.wp.com\/www.svzweckel.de\/wp-content\/uploads\/Firtinaspor-Hern_2.jpg?resize=160%2C90&amp;ssl=1 160w, https:\/\/i0.wp.com\/www.svzweckel.de\/wp-content\/uploads\/Firtinaspor-Hern_2.jpg?w=1920&amp;ssl=1 1920w, https:\/\/i0.wp.com\/www.svzweckel.de\/wp-content\/uploads\/Firtinaspor-Hern_2.jpg?w=1280&amp;ssl=1 1280w\" sizes=\"auto, (max-width: 640px) 100vw, 640px\" \/><\/figure>\n\n\n\n<p>Doch das Spiel blieb bis zum Schluss spannend. Firtinaspor kam noch einmal auf 3:4 heran und sorgte f\u00fcr eine hektische Schlussphase, in der Zweckel jedoch k\u00e4mpferisch dagegenhielt und den knappen Vorsprung \u00fcber die Zeit brachte.<\/p>\n\n\n\n<p>Am Ende steht ein wichtiger Ausw\u00e4rtssieg f\u00fcr den SV Zweckel, der Moral und Offensivst\u00e4rke bewies \u2013 auch wenn es defensiv zwischenzeitlich turbulent wurde.<\/p>\n\n\n\n<p>Der Abstand zu den Abstiegspl\u00e4tzen hat sich trotz des wichtigen Ausw\u00e4rtssieges nicht ver\u00e4ndert. Sowohl B\u00f6rnig als auch Marokko Herne konnten ihre Spiele ebenfalls erfolgreich gestalten \u2013 und das durchaus \u00fcberraschend. B\u00f6rnig setzte sich ausw\u00e4rts in Hochlar durch, w\u00e4hrend Marokko Herne gegen Erle dreifach punktete. Damit bleibt die Situation im Tabellenkeller weiterhin extrem eng und der Druck auf den SV Zweckel unver\u00e4ndert hoch.<\/p>\n","protected":false},"excerpt":{"rendered":"<p>Firtinaspor Herne &#8211; SV Zeckel 3:4 (1:2) Was f\u00fcr ein Spiel! Der SV Zweckel hat sich bei Firtinaspor Herne in einem torreichen und umk\u00e4mpften Duell mit 4:3 durchgesetzt und wichtige Punkte im Abstiegskampf gesammelt. Die G\u00e4ste erwischten einen Traumstart: Bereits in der 11. Minute brachte Jan Schwers eine pr\u00e4zise Flanke auf Sebastian Waldner, der den [&hellip;]<\/p>\n","protected":false},"author":3,"featured_media":19098,"comment_status":"open","ping_status":"","sticky":false,"template":"","format":"standard","meta":{"_jetpack_memberships_contains_paid_content":false,"footnotes":"","jetpack_publicize_message":"","jetpack_publicize_feature_enabled":true,"jetpack_social_post_already_shared":true,"jetpack_social_options":{"image_generator_settings":{"template":"highway","default_image_id":0,"font":"","enabled":false},"version":2}},"categories":[3],"tags":[],"class_list":["post-19095","post","type-post","status-publish","format-standard","has-post-thumbnail","hentry","category-allgemein"],"jetpack_publicize_connections":[],"jetpack_featured_media_url":"https:\/\/i0.wp.com\/www.svzweckel.de\/wp-content\/uploads\/Firtianspor-Herne_1.jpg?fit=1920%2C1080&ssl=1","jetpack_sharing_enabled":true,"_links":{"self":[{"href":"https:\/\/www.svzweckel.de\/index.php?rest_route=\/wp\/v2\/posts\/19095","targetHints":{"allow":["GET"]}}],"collection":[{"href":"https:\/\/www.svzweckel.de\/index.php?rest_route=\/wp\/v2\/posts"}],"about":[{"href":"https:\/\/www.svzweckel.de\/index.php?rest_route=\/wp\/v2\/types\/post"}],"author":[{"embeddable":true,"href":"https:\/\/www.svzweckel.de\/index.php?rest_route=\/wp\/v2\/users\/3"}],"replies":[{"embeddable":true,"href":"https:\/\/www.svzweckel.de\/index.php?rest_route=%2Fwp%2Fv2%2Fcomments&post=19095"}],"version-history":[{"count":6,"href":"https:\/\/www.svzweckel.de\/index.php?rest_route=\/wp\/v2\/posts\/19095\/revisions"}],"predecessor-version":[{"id":19103,"href":"https:\/\/www.svzweckel.de\/index.php?rest_route=\/wp\/v2\/posts\/19095\/revisions\/19103"}],"wp:featuredmedia":[{"embeddable":true,"href":"https:\/\/www.svzweckel.de\/index.php?rest_route=\/wp\/v2\/media\/19098"}],"wp:attachment":[{"href":"https:\/\/www.svzweckel.de\/index.php?rest_route=%2Fwp%2Fv2%2Fmedia&parent=19095"}],"wp:term":[{"taxonomy":"category","embeddable":true,"href":"https:\/\/www.svzweckel.de\/index.php?rest_route=%2Fwp%2Fv2%2Fcategories&post=19095"},{"taxonomy":"post_tag","embeddable":true,"href":"https:\/\/www.svzweckel.de\/index.php?rest_route=%2Fwp%2Fv2%2Ftags&post=19095"}],"curies":[{"name":"wp","href":"https:\/\/api.w.org\/{rel}","templated":true}]}}