{"id":19104,"date":"2026-04-28T09:16:30","date_gmt":"2026-04-28T07:16:30","guid":{"rendered":"https:\/\/www.svzweckel.de\/?p=19104"},"modified":"2026-04-28T09:16:30","modified_gmt":"2026-04-28T07:16:30","slug":"planungssicherheit-schwandt-sagt-svz-zu","status":"publish","type":"post","link":"https:\/\/www.svzweckel.de\/?p=19104","title":{"rendered":"Planungssicherheit: Schwandt sagt SVZ zu"},"content":{"rendered":"\n<p>Justin Tyler Schwandt bleibt dem SV Zweckel treu. Der St\u00fcrmer, der in der Jugend f\u00fcr Zweckel und sp\u00e4ter f\u00fcr den BV Rentfort spielte, kehrte vor knapp zwei Jahren zur\u00fcck und wird auch in der kommenden Saison f\u00fcr die Schwarz-Gr\u00fcnen auflaufen \u2013 unabh\u00e4ngig von der Liga.<\/p>\n\n\n\n<p>Unter Trainer Marc Sch\u00e4fer geh\u00f6rt Justin Tyler Schwandt regelm\u00e4\u00dfig zum Kader. In der laufenden Saison kommt er auf 15 Eins\u00e4tze mit drei Toren und einer Vorlage.<\/p>\n","protected":false},"excerpt":{"rendered":"<p>Justin Tyler Schwandt bleibt dem SV Zweckel treu. Der St\u00fcrmer, der in der Jugend f\u00fcr Zweckel und sp\u00e4ter f\u00fcr den BV Rentfort spielte, kehrte vor knapp zwei Jahren zur\u00fcck und wird auch in der kommenden Saison f\u00fcr die Schwarz-Gr\u00fcnen auflaufen \u2013 unabh\u00e4ngig von der Liga. Unter Trainer Marc Sch\u00e4fer geh\u00f6rt Justin Tyler Schwandt regelm\u00e4\u00dfig zum [&hellip;]<\/p>\n","protected":false},"author":3,"featured_media":19106,"comment_status":"open","ping_status":"","sticky":false,"template":"","format":"standard","meta":{"_jetpack_memberships_contains_paid_content":false,"footnotes":"","jetpack_publicize_message":"","jetpack_publicize_feature_enabled":true,"jetpack_social_post_already_shared":true,"jetpack_social_options":{"image_generator_settings":{"template":"highway","default_image_id":0,"font":"","enabled":false},"version":2}},"categories":[3],"tags":[],"class_list":["post-19104","post","type-post","status-publish","format-standard","has-post-thumbnail","hentry","category-allgemein"],"jetpack_publicize_connections":[],"jetpack_featured_media_url":"https:\/\/i0.wp.com\/www.svzweckel.de\/wp-content\/uploads\/Schwandt.jpg?fit=1082%2C781&ssl=1","jetpack_sharing_enabled":true,"_links":{"self":[{"href":"https:\/\/www.svzweckel.de\/index.php?rest_route=\/wp\/v2\/posts\/19104","targetHints":{"allow":["GET"]}}],"collection":[{"href":"https:\/\/www.svzweckel.de\/index.php?rest_route=\/wp\/v2\/posts"}],"about":[{"href":"https:\/\/www.svzweckel.de\/index.php?rest_route=\/wp\/v2\/types\/post"}],"author":[{"embeddable":true,"href":"https:\/\/www.svzweckel.de\/index.php?rest_route=\/wp\/v2\/users\/3"}],"replies":[{"embeddable":true,"href":"https:\/\/www.svzweckel.de\/index.php?rest_route=%2Fwp%2Fv2%2Fcomments&post=19104"}],"version-history":[{"count":1,"href":"https:\/\/www.svzweckel.de\/index.php?rest_route=\/wp\/v2\/posts\/19104\/revisions"}],"predecessor-version":[{"id":19105,"href":"https:\/\/www.svzweckel.de\/index.php?rest_route=\/wp\/v2\/posts\/19104\/revisions\/19105"}],"wp:featuredmedia":[{"embeddable":true,"href":"https:\/\/www.svzweckel.de\/index.php?rest_route=\/wp\/v2\/media\/19106"}],"wp:attachment":[{"href":"https:\/\/www.svzweckel.de\/index.php?rest_route=%2Fwp%2Fv2%2Fmedia&parent=19104"}],"wp:term":[{"taxonomy":"category","embeddable":true,"href":"https:\/\/www.svzweckel.de\/index.php?rest_route=%2Fwp%2Fv2%2Fcategories&post=19104"},{"taxonomy":"post_tag","embeddable":true,"href":"https:\/\/www.svzweckel.de\/index.php?rest_route=%2Fwp%2Fv2%2Ftags&post=19104"}],"curies":[{"name":"wp","href":"https:\/\/api.w.org\/{rel}","templated":true}]}}