{"id":19107,"date":"2026-04-29T10:16:55","date_gmt":"2026-04-29T08:16:55","guid":{"rendered":"https:\/\/www.svzweckel.de\/?p=19107"},"modified":"2026-04-29T10:16:55","modified_gmt":"2026-04-29T08:16:55","slug":"zweckel-will-spitzenreiter-stoppen-aufstiegsparty-verhindern","status":"publish","type":"post","link":"https:\/\/www.svzweckel.de\/?p=19107","title":{"rendered":"Zweckel will Spitzenreiter stoppen \u2013 Aufstiegsparty verhindern"},"content":{"rendered":"\n<p>Sonntag, 03.05.26, 15:00 Uhr: Der SV Zweckel steht vor einer echten Herkulesaufgabe. Im Heimspiel gegen den FC 96 Recklinghausen ben\u00f6tigt die Mannschaft im Abstiegskampf dringend Punkte \u2013 doch ausgerechnet der Tabellenf\u00fchrer ist zu Gast.<\/p>\n\n\n\n<p>Die Recklingh\u00e4user k\u00f6nnten mit einem Sieg in Zweckel und einer gleichzeitigen Niederlage der Konkurrenz bereits den Aufstieg perfekt machen. Genau das wollen die Zweckeler jedoch verhindern. R\u00fcckenwind gibt der hart erk\u00e4mpfte Ausw\u00e4rtssieg am vergangenen Sonntag bei Firtinaspor Herne.<\/p>\n\n\n\n<p>Personell gibt es zudem Hoffnung: Trainer Marc Sch\u00e4fer k\u00f6nnte wieder auf Milad Sahebzada, Marlon Boris sowie die el-Kasmi-Br\u00fcder zur\u00fcckgreifen. Mit Einsatz, Kampf und mannschaftlicher Geschlossenheit soll dem Favoriten Paroli geboten werden.<\/p>\n\n\n\n<p>Besonders im Fokus steht die starke Offensive der G\u00e4ste: Bezirksliga-Torj\u00e4ger Reda Fenni kommt bereits auf 28 Saisontreffer, Winter-Neuzugang Marcel Ryczak traf in der R\u00fcckrunde schon zehnmal. Diese gilt es f\u00fcr die Zweckeler Defensive in den Griff zu bekommen \u2013 w\u00e4hrend man selbst versuchen wird, die zweitbeste Abwehr der Liga unter Druck zu setzen.<\/p>\n\n\n\n<p>Klar ist: Zweckel braucht Punkte \u2013 und will dem Spitzenreiter die Feier vermiesen.<\/p>\n","protected":false},"excerpt":{"rendered":"<p>Sonntag, 03.05.26, 15:00 Uhr: Der SV Zweckel steht vor einer echten Herkulesaufgabe. Im Heimspiel gegen den FC 96 Recklinghausen ben\u00f6tigt die Mannschaft im Abstiegskampf dringend Punkte \u2013 doch ausgerechnet der Tabellenf\u00fchrer ist zu Gast. Die Recklingh\u00e4user k\u00f6nnten mit einem Sieg in Zweckel und einer gleichzeitigen Niederlage der Konkurrenz bereits den Aufstieg perfekt machen. Genau das [&hellip;]<\/p>\n","protected":false},"author":3,"featured_media":19109,"comment_status":"open","ping_status":"","sticky":false,"template":"","format":"standard","meta":{"_jetpack_memberships_contains_paid_content":false,"footnotes":"","jetpack_publicize_message":"","jetpack_publicize_feature_enabled":true,"jetpack_social_post_already_shared":true,"jetpack_social_options":{"image_generator_settings":{"template":"highway","default_image_id":0,"font":"","enabled":false},"version":2}},"categories":[2],"tags":[],"class_list":["post-19107","post","type-post","status-publish","format-standard","has-post-thumbnail","hentry","category-1-mannschaft"],"jetpack_publicize_connections":[],"jetpack_featured_media_url":"https:\/\/i0.wp.com\/www.svzweckel.de\/wp-content\/uploads\/Firtianspor.jpg?fit=1920%2C1080&ssl=1","jetpack_sharing_enabled":true,"_links":{"self":[{"href":"https:\/\/www.svzweckel.de\/index.php?rest_route=\/wp\/v2\/posts\/19107","targetHints":{"allow":["GET"]}}],"collection":[{"href":"https:\/\/www.svzweckel.de\/index.php?rest_route=\/wp\/v2\/posts"}],"about":[{"href":"https:\/\/www.svzweckel.de\/index.php?rest_route=\/wp\/v2\/types\/post"}],"author":[{"embeddable":true,"href":"https:\/\/www.svzweckel.de\/index.php?rest_route=\/wp\/v2\/users\/3"}],"replies":[{"embeddable":true,"href":"https:\/\/www.svzweckel.de\/index.php?rest_route=%2Fwp%2Fv2%2Fcomments&post=19107"}],"version-history":[{"count":1,"href":"https:\/\/www.svzweckel.de\/index.php?rest_route=\/wp\/v2\/posts\/19107\/revisions"}],"predecessor-version":[{"id":19108,"href":"https:\/\/www.svzweckel.de\/index.php?rest_route=\/wp\/v2\/posts\/19107\/revisions\/19108"}],"wp:featuredmedia":[{"embeddable":true,"href":"https:\/\/www.svzweckel.de\/index.php?rest_route=\/wp\/v2\/media\/19109"}],"wp:attachment":[{"href":"https:\/\/www.svzweckel.de\/index.php?rest_route=%2Fwp%2Fv2%2Fmedia&parent=19107"}],"wp:term":[{"taxonomy":"category","embeddable":true,"href":"https:\/\/www.svzweckel.de\/index.php?rest_route=%2Fwp%2Fv2%2Fcategories&post=19107"},{"taxonomy":"post_tag","embeddable":true,"href":"https:\/\/www.svzweckel.de\/index.php?rest_route=%2Fwp%2Fv2%2Ftags&post=19107"}],"curies":[{"name":"wp","href":"https:\/\/api.w.org\/{rel}","templated":true}]}}