{"id":19110,"date":"2026-04-29T14:34:29","date_gmt":"2026-04-29T12:34:29","guid":{"rendered":"https:\/\/www.svzweckel.de\/?p=19110"},"modified":"2026-04-29T14:34:29","modified_gmt":"2026-04-29T12:34:29","slug":"erster-mai-in-zweckel","status":"publish","type":"post","link":"https:\/\/www.svzweckel.de\/?p=19110","title":{"rendered":"Erster Mai in Zweckel"},"content":{"rendered":"\n<p><strong>Vor und nach der Stadthalle zu uns in die Sonne! :-)<\/strong><\/p>\n\n\n\n<p>Am 01.05.2026 ist unser Vereinsheim ab 13.00 Uhr f\u00fcr Euch ge\u00f6ffnet. Alle Radler, Maitourer, Familien, Nachbarn, Freunde und F\u00f6rderer des SVZ sind herzlich eingeladen, bei uns einzukehren und bei Bratwurst und k\u00fchlen Getr\u00e4nken den freien Tag in der Sonne zu genie\u00dfen. Bereits am 30.04.2026 bietet unser Vereinsheim ab 17.00 Uhr einen Ort, um in geselliger Runde sich unter dem Maibaum bei hausgemachten Frikadellen und Maibowle auf den Tag der Arbeit gem\u00fctlich einzustimmen. <\/p>\n\n\n\n<figure class=\"wp-block-image size-large is-resized\"><img data-recalc-dims=\"1\" height=\"800\" width=\"450\" decoding=\"async\" src=\"https:\/\/i0.wp.com\/www.svzweckel.de\/wp-content\/uploads\/010502026.jpeg?resize=450%2C800&#038;ssl=1\" alt=\"\" class=\"wp-image-19111\" style=\"width:697px;height:auto\"\/><\/figure>\n","protected":false},"excerpt":{"rendered":"<p>Vor und nach der Stadthalle zu uns in die Sonne! :-) Am 01.05.2026 ist unser Vereinsheim ab 13.00 Uhr f\u00fcr Euch ge\u00f6ffnet. Alle Radler, Maitourer, Familien, Nachbarn, Freunde und F\u00f6rderer des SVZ sind herzlich eingeladen, bei uns einzukehren und bei Bratwurst und k\u00fchlen Getr\u00e4nken den freien Tag in der Sonne zu genie\u00dfen. Bereits am 30.04.2026 [&hellip;]<\/p>\n","protected":false},"author":28,"featured_media":19111,"comment_status":"open","ping_status":"","sticky":false,"template":"","format":"standard","meta":{"_jetpack_memberships_contains_paid_content":false,"footnotes":"","jetpack_publicize_message":"","jetpack_publicize_feature_enabled":true,"jetpack_social_post_already_shared":true,"jetpack_social_options":{"image_generator_settings":{"template":"highway","default_image_id":0,"font":"","enabled":false},"version":2}},"categories":[3,32],"tags":[],"class_list":["post-19110","post","type-post","status-publish","format-standard","has-post-thumbnail","hentry","category-allgemein","category-verein"],"jetpack_publicize_connections":[],"jetpack_featured_media_url":"https:\/\/i0.wp.com\/www.svzweckel.de\/wp-content\/uploads\/010502026-e1777466468119.jpeg?fit=1075%2C938&ssl=1","jetpack_sharing_enabled":true,"_links":{"self":[{"href":"https:\/\/www.svzweckel.de\/index.php?rest_route=\/wp\/v2\/posts\/19110","targetHints":{"allow":["GET"]}}],"collection":[{"href":"https:\/\/www.svzweckel.de\/index.php?rest_route=\/wp\/v2\/posts"}],"about":[{"href":"https:\/\/www.svzweckel.de\/index.php?rest_route=\/wp\/v2\/types\/post"}],"author":[{"embeddable":true,"href":"https:\/\/www.svzweckel.de\/index.php?rest_route=\/wp\/v2\/users\/28"}],"replies":[{"embeddable":true,"href":"https:\/\/www.svzweckel.de\/index.php?rest_route=%2Fwp%2Fv2%2Fcomments&post=19110"}],"version-history":[{"count":2,"href":"https:\/\/www.svzweckel.de\/index.php?rest_route=\/wp\/v2\/posts\/19110\/revisions"}],"predecessor-version":[{"id":19113,"href":"https:\/\/www.svzweckel.de\/index.php?rest_route=\/wp\/v2\/posts\/19110\/revisions\/19113"}],"wp:featuredmedia":[{"embeddable":true,"href":"https:\/\/www.svzweckel.de\/index.php?rest_route=\/wp\/v2\/media\/19111"}],"wp:attachment":[{"href":"https:\/\/www.svzweckel.de\/index.php?rest_route=%2Fwp%2Fv2%2Fmedia&parent=19110"}],"wp:term":[{"taxonomy":"category","embeddable":true,"href":"https:\/\/www.svzweckel.de\/index.php?rest_route=%2Fwp%2Fv2%2Fcategories&post=19110"},{"taxonomy":"post_tag","embeddable":true,"href":"https:\/\/www.svzweckel.de\/index.php?rest_route=%2Fwp%2Fv2%2Ftags&post=19110"}],"curies":[{"name":"wp","href":"https:\/\/api.w.org\/{rel}","templated":true}]}}