{"id":1919,"date":"2015-02-06T10:07:52","date_gmt":"2015-02-06T10:07:52","guid":{"rendered":"http:\/\/www.svzweckel.de\/?p=1919"},"modified":"2015-02-06T10:07:52","modified_gmt":"2015-02-06T10:07:52","slug":"g2-jugend-besucht-ritter-rost","status":"publish","type":"post","link":"https:\/\/www.svzweckel.de\/?p=1919","title":{"rendered":"G2 Jugend besucht &#8222;Ritter Rost&#8220;"},"content":{"rendered":"<p>Am Mittwoch den 14.01. fand f\u00fcr die G2 des SV Zweckel ein Training der anderen Art statt: still sitzen, zuh\u00f6ren, lachen, Waffeln essen und Applaus klatschen standen auf dem Trainingsplan.<\/p>\n<p>&#8222;Ritter Rost&#8220; wurde in der Matthias Jakobs Halle besucht und sorgte f\u00fcr Begeisterung und Jubelst\u00fcrme bei den 14 Jungs die zusammen mit Trainer Julian Danowski dabei waren.<br \/>\nVor Beginn der Vorstellung schien es noch schwer die aufgeregte Meute im Zaum zu halten, doch sp\u00e4testens beim zweiten Gong, der den Start ank\u00fcndigte, standen die kleinen Kicker diszipliniert, wie man es sonst vom Fu\u00dfballplatz gewohnt ist, in einer Reihe und nahmen die ihnen zugewiesenen Pl\u00e4tze ein.<\/p>\n<p>Die im Foyer wartenden Eltern konnten schon nach kurzer Zeit h\u00f6ren wie im Saal die Menge tobte. Kein Wunder, bei so mitrei\u00dfenden Hits wie &#8222;da kommt Paolo mit dem Pizza Flitzer&#8220; oder &#8222;Er schenkt der B\u00f6 ne Rose in der Dose&#8220; hielt es die Kids kaum auf den St\u00fchlen.<br \/>\nIn der zwanzig min\u00fctigen Pause wurden dann alle mit Waffeln und Getr\u00e4nken versorgt und die ersten Berichte aufgeregt an die Eltern abgegeben.<br \/>\nAm Ende gab es nochmal tosenden Applaus f\u00fcr Ritter Rost, Fr\u00e4ulein B\u00f6, den Drachen Koks und alle anderen.<br \/>\nEs war ein toller Nachmittag der unsere Kids wieder ein wenig mehr zusammen geschwei\u00dft hat und zeigt das Fu\u00dfball auch mehr kann!<\/p>\n<p>Vielen Dank an die Organisatoren und unseren Trainer Julian, der trotz Beisein der Eltern immer die Jungs liebevoll im Blick hat!<\/p>\n","protected":false},"excerpt":{"rendered":"<p>Am Mittwoch den 14.01. fand f\u00fcr die G2 des SV Zweckel ein Training der anderen Art statt: still sitzen, zuh\u00f6ren, lachen, Waffeln essen und Applaus klatschen standen auf dem Trainingsplan. &#8222;Ritter Rost&#8220; wurde in der Matthias Jakobs Halle besucht und sorgte f\u00fcr Begeisterung und Jubelst\u00fcrme bei den 14 Jungs die zusammen mit Trainer Julian Danowski [&hellip;]<\/p>\n","protected":false},"author":3,"featured_media":1920,"comment_status":"open","ping_status":"open","sticky":false,"template":"","format":"standard","meta":{"_jetpack_memberships_contains_paid_content":false,"footnotes":"","jetpack_publicize_message":"","jetpack_publicize_feature_enabled":true,"jetpack_social_post_already_shared":false,"jetpack_social_options":{"image_generator_settings":{"template":"highway","default_image_id":0,"font":"","enabled":false},"version":2}},"categories":[1],"tags":[],"class_list":["post-1919","post","type-post","status-publish","format-standard","has-post-thumbnail","hentry","category-uncategorized"],"jetpack_publicize_connections":[],"jetpack_featured_media_url":"https:\/\/i0.wp.com\/www.svzweckel.de\/wp-content\/uploads\/2015\/02\/G2-Jugend-Jan.2014-640x427.jpg?fit=640%2C427&ssl=1","jetpack_sharing_enabled":true,"_links":{"self":[{"href":"https:\/\/www.svzweckel.de\/index.php?rest_route=\/wp\/v2\/posts\/1919","targetHints":{"allow":["GET"]}}],"collection":[{"href":"https:\/\/www.svzweckel.de\/index.php?rest_route=\/wp\/v2\/posts"}],"about":[{"href":"https:\/\/www.svzweckel.de\/index.php?rest_route=\/wp\/v2\/types\/post"}],"author":[{"embeddable":true,"href":"https:\/\/www.svzweckel.de\/index.php?rest_route=\/wp\/v2\/users\/3"}],"replies":[{"embeddable":true,"href":"https:\/\/www.svzweckel.de\/index.php?rest_route=%2Fwp%2Fv2%2Fcomments&post=1919"}],"version-history":[{"count":0,"href":"https:\/\/www.svzweckel.de\/index.php?rest_route=\/wp\/v2\/posts\/1919\/revisions"}],"wp:featuredmedia":[{"embeddable":true,"href":"https:\/\/www.svzweckel.de\/index.php?rest_route=\/wp\/v2\/media\/1920"}],"wp:attachment":[{"href":"https:\/\/www.svzweckel.de\/index.php?rest_route=%2Fwp%2Fv2%2Fmedia&parent=1919"}],"wp:term":[{"taxonomy":"category","embeddable":true,"href":"https:\/\/www.svzweckel.de\/index.php?rest_route=%2Fwp%2Fv2%2Fcategories&post=1919"},{"taxonomy":"post_tag","embeddable":true,"href":"https:\/\/www.svzweckel.de\/index.php?rest_route=%2Fwp%2Fv2%2Ftags&post=1919"}],"curies":[{"name":"wp","href":"https:\/\/api.w.org\/{rel}","templated":true}]}}