{"id":1925,"date":"2015-02-07T11:46:15","date_gmt":"2015-02-07T11:46:15","guid":{"rendered":"http:\/\/www.svzweckel.de\/?p=1925"},"modified":"2015-02-07T11:47:34","modified_gmt":"2015-02-07T11:47:34","slug":"sonntag-testet-die-erste-in-langenbochum","status":"publish","type":"post","link":"https:\/\/www.svzweckel.de\/?p=1925","title":{"rendered":"Sonntag testet die Erste in Langenbochum"},"content":{"rendered":"<p><strong>Sonntag, 08.02.15, 15:00 Uhr: BW Langenbochum &#8211; SV Zweckel<\/strong><\/p>\n<p>Ein weiterer Test vor dem m\u00f6glichen Meisterschaftstart am kommenden Freitag steht f\u00fcr den SV Zweckel in Herten an. Beim Tabellenvierten der Bezirksliga 9 wird Trainer G\u00fcnter Appelt sicher schon einen Gro\u00dfteil der Mannschaft aufbieten wollen, die dann auch das erste R\u00fcckrundenspiel bestreiten soll. Die Offensive hat beim L\u00fcner SV zumindest in der zweiten Halbzeit gut getroffen, wohingegen die Defensive in den ersten 40 Minuten nicht immer sicher stand. Apropos 40 Minuten. Der Test in L\u00fcnen fand nur 80 Minuten statt, da die Partie mit 15min\u00fctiger Versp\u00e4tung anfing. Beide Teams hatten sich mit dem Schiedsrichtergespann auf eine verk\u00fcrzte Spielzeit geeinigt.<\/p>\n","protected":false},"excerpt":{"rendered":"<p>Sonntag, 08.02.15, 15:00 Uhr: BW Langenbochum &#8211; SV Zweckel Ein weiterer Test vor dem m\u00f6glichen Meisterschaftstart am kommenden Freitag steht f\u00fcr den SV Zweckel in Herten an. Beim Tabellenvierten der Bezirksliga 9 wird Trainer G\u00fcnter Appelt sicher schon einen Gro\u00dfteil der Mannschaft aufbieten wollen, die dann auch das erste R\u00fcckrundenspiel bestreiten soll. Die Offensive hat [&hellip;]<\/p>\n","protected":false},"author":3,"featured_media":0,"comment_status":"open","ping_status":"open","sticky":false,"template":"","format":"standard","meta":{"_jetpack_memberships_contains_paid_content":false,"footnotes":"","jetpack_publicize_message":"","jetpack_publicize_feature_enabled":true,"jetpack_social_post_already_shared":false,"jetpack_social_options":{"image_generator_settings":{"template":"highway","default_image_id":0,"font":"","enabled":false},"version":2}},"categories":[2],"tags":[],"class_list":["post-1925","post","type-post","status-publish","format-standard","hentry","category-1-mannschaft"],"jetpack_publicize_connections":[],"jetpack_featured_media_url":"","jetpack_sharing_enabled":true,"_links":{"self":[{"href":"https:\/\/www.svzweckel.de\/index.php?rest_route=\/wp\/v2\/posts\/1925","targetHints":{"allow":["GET"]}}],"collection":[{"href":"https:\/\/www.svzweckel.de\/index.php?rest_route=\/wp\/v2\/posts"}],"about":[{"href":"https:\/\/www.svzweckel.de\/index.php?rest_route=\/wp\/v2\/types\/post"}],"author":[{"embeddable":true,"href":"https:\/\/www.svzweckel.de\/index.php?rest_route=\/wp\/v2\/users\/3"}],"replies":[{"embeddable":true,"href":"https:\/\/www.svzweckel.de\/index.php?rest_route=%2Fwp%2Fv2%2Fcomments&post=1925"}],"version-history":[{"count":0,"href":"https:\/\/www.svzweckel.de\/index.php?rest_route=\/wp\/v2\/posts\/1925\/revisions"}],"wp:attachment":[{"href":"https:\/\/www.svzweckel.de\/index.php?rest_route=%2Fwp%2Fv2%2Fmedia&parent=1925"}],"wp:term":[{"taxonomy":"category","embeddable":true,"href":"https:\/\/www.svzweckel.de\/index.php?rest_route=%2Fwp%2Fv2%2Fcategories&post=1925"},{"taxonomy":"post_tag","embeddable":true,"href":"https:\/\/www.svzweckel.de\/index.php?rest_route=%2Fwp%2Fv2%2Ftags&post=1925"}],"curies":[{"name":"wp","href":"https:\/\/api.w.org\/{rel}","templated":true}]}}