{"id":1933,"date":"2015-02-08T18:28:13","date_gmt":"2015-02-08T18:28:13","guid":{"rendered":"http:\/\/www.svzweckel.de\/?p=1933"},"modified":"2015-02-08T18:32:10","modified_gmt":"2015-02-08T18:32:10","slug":"nachholspiel-gegen-rhynern-am-freitag-13-02-15-um-1930-uhr","status":"publish","type":"post","link":"https:\/\/www.svzweckel.de\/?p=1933","title":{"rendered":"Nachholspiel gegen Rhynern am Freitag, 13.02.15 um 19:30 Uhr"},"content":{"rendered":"<p><strong>Freitag, 13.01.15, 19:30 Uhr: SV Zweckel &#8211; Westfalia Rhynern<\/strong><\/p>\n<p>Der Tabellenvierte kommt nach Zweckel. Das sollte schon Motivation genug sein, um mit Willen und Kampfkraft in das Spiel gegen Westfalia Rhynern zu gehen. Rhynern macht es im Moment dem hoch gehandelten Stadtrivalen Spvgg Hamm vor und greift die Spitze der Oberliga an. Mit einem bzw. zwei Spielen weniger k\u00f6nnen die Westfalen noch nahe an den Spitzenreiter heran r\u00fccken. In der laufenden Saison waren nur RW Ahlen, SC Roland Beckum, TuS Erndtebr\u00fcck und die Spvgg Erkenschwick in der Lage die Mannschaft aus dem gut 18.000 Einwohner z\u00e4hlenden Hammer Stadtteil zu schlagen. Mit 36 Toren haben die Westfalen den drittst\u00e4rksten Sturm der Liga und stehen somit wohl zu Recht in der Spitzengruppe.<br \/>\nTrainer Appelt hat am Freitag bis auf den Langzeitverletzten Christopher Zeh wohl wieder den gesamten Kader zur Auswahl. Auf Grund einer Gelbsperre muss Can Ucar ein Spiel pausieren. Am Freitag ist der SV Zweckel sicher nicht chancenlos, wobei Fans und Zuschauer nicht ungeduldig werden sollten. Gerade jetzt ist die Unterst\u00fctzung der Mannschaft gefragt, die sich \u00fcber jeden Fan freuen wird, welcher der Mannschaft helfen will.<\/p>\n","protected":false},"excerpt":{"rendered":"<p>Freitag, 13.01.15, 19:30 Uhr: SV Zweckel &#8211; Westfalia Rhynern Der Tabellenvierte kommt nach Zweckel. Das sollte schon Motivation genug sein, um mit Willen und Kampfkraft in das Spiel gegen Westfalia Rhynern zu gehen. Rhynern macht es im Moment dem hoch gehandelten Stadtrivalen Spvgg Hamm vor und greift die Spitze der Oberliga an. Mit einem bzw. [&hellip;]<\/p>\n","protected":false},"author":3,"featured_media":0,"comment_status":"open","ping_status":"open","sticky":false,"template":"","format":"standard","meta":{"_jetpack_memberships_contains_paid_content":false,"footnotes":"","jetpack_publicize_message":"","jetpack_publicize_feature_enabled":true,"jetpack_social_post_already_shared":false,"jetpack_social_options":{"image_generator_settings":{"template":"highway","default_image_id":0,"font":"","enabled":false},"version":2}},"categories":[1],"tags":[],"class_list":["post-1933","post","type-post","status-publish","format-standard","hentry","category-uncategorized"],"jetpack_publicize_connections":[],"jetpack_featured_media_url":"","jetpack_sharing_enabled":true,"_links":{"self":[{"href":"https:\/\/www.svzweckel.de\/index.php?rest_route=\/wp\/v2\/posts\/1933","targetHints":{"allow":["GET"]}}],"collection":[{"href":"https:\/\/www.svzweckel.de\/index.php?rest_route=\/wp\/v2\/posts"}],"about":[{"href":"https:\/\/www.svzweckel.de\/index.php?rest_route=\/wp\/v2\/types\/post"}],"author":[{"embeddable":true,"href":"https:\/\/www.svzweckel.de\/index.php?rest_route=\/wp\/v2\/users\/3"}],"replies":[{"embeddable":true,"href":"https:\/\/www.svzweckel.de\/index.php?rest_route=%2Fwp%2Fv2%2Fcomments&post=1933"}],"version-history":[{"count":0,"href":"https:\/\/www.svzweckel.de\/index.php?rest_route=\/wp\/v2\/posts\/1933\/revisions"}],"wp:attachment":[{"href":"https:\/\/www.svzweckel.de\/index.php?rest_route=%2Fwp%2Fv2%2Fmedia&parent=1933"}],"wp:term":[{"taxonomy":"category","embeddable":true,"href":"https:\/\/www.svzweckel.de\/index.php?rest_route=%2Fwp%2Fv2%2Fcategories&post=1933"},{"taxonomy":"post_tag","embeddable":true,"href":"https:\/\/www.svzweckel.de\/index.php?rest_route=%2Fwp%2Fv2%2Ftags&post=1933"}],"curies":[{"name":"wp","href":"https:\/\/api.w.org\/{rel}","templated":true}]}}