{"id":19408,"date":"2026-08-31T10:18:12","date_gmt":"2026-08-31T08:18:12","guid":{"rendered":"https:\/\/www.svzweckel.de\/?p=19408"},"modified":"2026-08-31T10:18:12","modified_gmt":"2026-08-31T08:18:12","slug":"erfolgreich-ohne-zu-glaenzen","status":"publish","type":"post","link":"https:\/\/www.svzweckel.de\/?p=19408","title":{"rendered":"Erfolgreich ohne zu gl\u00e4nzen"},"content":{"rendered":"\n<p class=\"wp-block-paragraph\">Am 4. Spieltag stellte sich die Erste Mannschaft bei Horst 08 II vor.<br \/>Die vielen mitgereister Anh\u00e4nger des SVZ sahen dabei ihre Mannschaft in einer verbesserten Form, im Gegensatz zum Heimspiel vor einer Woche.<br \/>Allerdings machte die Sch\u00e4fer-Elf auch in Horst nicht viel mehr als n\u00f6tig.<br \/>In gro\u00dfen Teilen kontrollierte der SV Zweckel die Partie, ohne sich dabei eine Vielzahl an zwingenden Torchancen zu erspielen.<br \/>Folgerichtig ging es mit einem 0:0 in die Pause.<br \/>In der zweiten Halbzeit erh\u00f6hten die Gr\u00fcnhemden etwas das Tempo in ihrem Spiel. In der 56 Minute war es dann eine ver\u00fcngl\u00fcckte Flanke von Eren G\u00fcrses, welche sich \u00fcber den Horster Torwart hinweg ins Tor senkte.<br \/>Nur sechs Minuten sp\u00e4ter circelte Sajad Omar einen Freisto\u00df aus ca. 18 Metern, sehenswert in den Winkel.<br \/>Mit der 2:0 F\u00fchrung im R\u00fccken, lie\u00df die Zweckeler Defensive um Routinier Serkan K\u00f6se nicht mehr viel anbrennen.<br \/>Lediglich vereinzelte Standardsituationen forderten den Zweckeler Torwart Dominik Bicker.<br \/>Somit feierte der SV Zweckel letztlich verdient, den zweiten Saisonsieg.<\/p>\n\n\n\n<p class=\"wp-block-paragraph\">In der 15 Minute verletzte sich ein Spieler von Horst 08 schwer am Knie und wurde mit dem Krankenwagen abtransportiert. An dieser Stelle w\u00fcnscht der SV Zweckel dem Spieler, eine gute Besserung und hoffentlich schnelle Genesung !<\/p>\n\n\n\n<p class=\"wp-block-paragraph\">Am kommenden Sonntag den 06.09.26 steht f\u00fcr den SV Zweckel das n\u00e4chste Spiel gegen eine Reservemannnschaft an. SV GE-He\u00dfler 06 II ist um 15 Uhr zu Gast in der Uli-Simon-Arena.<\/p>\n","protected":false},"excerpt":{"rendered":"<p>Am 4. Spieltag stellte sich die Erste Mannschaft bei Horst 08 II vor.Die vielen mitgereister Anh\u00e4nger des SVZ sahen dabei ihre Mannschaft in einer verbesserten Form, im Gegensatz zum Heimspiel vor einer Woche.Allerdings machte die Sch\u00e4fer-Elf auch in Horst nicht viel mehr als n\u00f6tig.In gro\u00dfen Teilen kontrollierte der SV Zweckel die Partie, ohne sich dabei [&hellip;]<\/p>\n","protected":false},"author":3,"featured_media":19411,"comment_status":"open","ping_status":"","sticky":false,"template":"","format":"standard","meta":{"_jetpack_newsletter_access":"","_jetpack_dont_email_post_to_subs":false,"_jetpack_newsletter_tier_id":0,"_jetpack_memberships_contains_paywalled_content":false,"_jetpack_feature_clip_id":0,"_jetpack_memberships_contains_paid_content":false,"footnotes":"","jetpack_publicize_message":"","jetpack_publicize_feature_enabled":true,"jetpack_social_post_already_shared":true,"jetpack_social_options":{"image_generator_settings":{"template":"highway","default_image_id":0,"font":"","enabled":false},"version":2},"jetpack_post_was_ever_published":false},"categories":[3],"tags":[],"class_list":["post-19408","post","type-post","status-publish","format-standard","has-post-thumbnail","hentry","category-allgemein"],"jetpack_publicize_connections":[],"jetpack_sharing_enabled":true,"jetpack_featured_media_url":"https:\/\/i0.wp.com\/www.svzweckel.de\/wp-content\/uploads\/WhatsApp-Image-2026-08-31-at-09.14.10.jpeg?fit=1600%2C1200&ssl=1","_links":{"self":[{"href":"https:\/\/www.svzweckel.de\/index.php?rest_route=\/wp\/v2\/posts\/19408","targetHints":{"allow":["GET"]}}],"collection":[{"href":"https:\/\/www.svzweckel.de\/index.php?rest_route=\/wp\/v2\/posts"}],"about":[{"href":"https:\/\/www.svzweckel.de\/index.php?rest_route=\/wp\/v2\/types\/post"}],"author":[{"embeddable":true,"href":"https:\/\/www.svzweckel.de\/index.php?rest_route=\/wp\/v2\/users\/3"}],"replies":[{"embeddable":true,"href":"https:\/\/www.svzweckel.de\/index.php?rest_route=%2Fwp%2Fv2%2Fcomments&post=19408"}],"version-history":[{"count":2,"href":"https:\/\/www.svzweckel.de\/index.php?rest_route=\/wp\/v2\/posts\/19408\/revisions"}],"predecessor-version":[{"id":19410,"href":"https:\/\/www.svzweckel.de\/index.php?rest_route=\/wp\/v2\/posts\/19408\/revisions\/19410"}],"wp:featuredmedia":[{"embeddable":true,"href":"https:\/\/www.svzweckel.de\/index.php?rest_route=\/wp\/v2\/media\/19411"}],"wp:attachment":[{"href":"https:\/\/www.svzweckel.de\/index.php?rest_route=%2Fwp%2Fv2%2Fmedia&parent=19408"}],"wp:term":[{"taxonomy":"category","embeddable":true,"href":"https:\/\/www.svzweckel.de\/index.php?rest_route=%2Fwp%2Fv2%2Fcategories&post=19408"},{"taxonomy":"post_tag","embeddable":true,"href":"https:\/\/www.svzweckel.de\/index.php?rest_route=%2Fwp%2Fv2%2Ftags&post=19408"}],"curies":[{"name":"wp","href":"https:\/\/api.w.org\/{rel}","templated":true}]}}