{"id":19415,"date":"2026-09-04T16:11:12","date_gmt":"2026-09-04T14:11:12","guid":{"rendered":"https:\/\/www.svzweckel.de\/?p=19415"},"modified":"2026-09-04T16:11:12","modified_gmt":"2026-09-04T14:11:12","slug":"zweckel-will-nachlegen","status":"publish","type":"post","link":"https:\/\/www.svzweckel.de\/?p=19415","title":{"rendered":"Zweckel will nachlegen"},"content":{"rendered":"\n<p class=\"wp-block-paragraph\"><strong>Sonntag, 06.09.2026, 15:00 Uhr: SV Zweckel \u2013 Hessler II<\/strong><\/p>\n\n\n\n<p class=\"wp-block-paragraph\">Nach dem wichtigen Sieg bei Horst 08 II sind die Zweckeler endg\u00fcltig in die Spur gekommen. Am Sonntag wartet nun die Reserve aus Hessler auf die Mannschaft von Marc Sch\u00e4fer.<\/p>\n\n\n\n<p class=\"wp-block-paragraph\">Die Kicker von der Kanzlerstra\u00dfe mussten am vergangenen Wochenende eine \u00e4u\u00dferst knappe 2:1-Niederlage bei ETuS\/Westfalia Gelsenkirchen hinnehmen \u2013 genau bei dem Gegner, der dem SV Zweckel bislang auch die einzige Niederlage beigebracht hat.<\/p>\n\n\n\n<p class=\"wp-block-paragraph\">Die Zweckeler d\u00fcrften also gewarnt sein und sollten den kommenden Gegner keinesfalls auf die leichte Schulter nehmen. Hessler II hat bereits gezeigt, dass die Mannschaft durchaus unangenehm zu bespielen ist.<\/p>\n\n\n\n<p class=\"wp-block-paragraph\">Gegen Preu\u00dfen unterlagen die Hessleraner nur knapp mit 0:1. Zum Saisonauftakt gab es zudem einen 3:1-Erfolg gegen Schwarz-Blau Gladbeck.<\/p>\n\n\n\n<p class=\"wp-block-paragraph\">Es ist also Vorsicht geboten! Die Zweckeler wollen ihren Aufw\u00e4rtstrend fortsetzen und am Sonntag die n\u00e4chsten drei Punkte einfahren.<\/p>\n","protected":false},"excerpt":{"rendered":"<p>Sonntag, 06.09.2026, 15:00 Uhr: SV Zweckel \u2013 Hessler II Nach dem wichtigen Sieg bei Horst 08 II sind die Zweckeler endg\u00fcltig in die Spur gekommen. Am Sonntag wartet nun die Reserve aus Hessler auf die Mannschaft von Marc Sch\u00e4fer. Die Kicker von der Kanzlerstra\u00dfe mussten am vergangenen Wochenende eine \u00e4u\u00dferst knappe 2:1-Niederlage bei ETuS\/Westfalia Gelsenkirchen [&hellip;]<\/p>\n","protected":false},"author":3,"featured_media":19416,"comment_status":"open","ping_status":"","sticky":false,"template":"","format":"standard","meta":{"_jetpack_newsletter_access":"","_jetpack_dont_email_post_to_subs":false,"_jetpack_newsletter_tier_id":0,"_jetpack_memberships_contains_paywalled_content":false,"_jetpack_feature_clip_id":0,"_jetpack_memberships_contains_paid_content":false,"footnotes":"","jetpack_publicize_message":"","jetpack_publicize_feature_enabled":true,"jetpack_social_post_already_shared":true,"jetpack_social_options":{"image_generator_settings":{"template":"highway","default_image_id":0,"font":"","enabled":false},"version":2},"jetpack_post_was_ever_published":false},"categories":[3],"tags":[],"class_list":["post-19415","post","type-post","status-publish","format-standard","has-post-thumbnail","hentry","category-allgemein"],"jetpack_publicize_connections":[],"jetpack_sharing_enabled":true,"jetpack_featured_media_url":"https:\/\/i0.wp.com\/www.svzweckel.de\/wp-content\/uploads\/PXL_20260823_124014483.MP-Gross.jpg?fit=1920%2C1080&ssl=1","_links":{"self":[{"href":"https:\/\/www.svzweckel.de\/index.php?rest_route=\/wp\/v2\/posts\/19415","targetHints":{"allow":["GET"]}}],"collection":[{"href":"https:\/\/www.svzweckel.de\/index.php?rest_route=\/wp\/v2\/posts"}],"about":[{"href":"https:\/\/www.svzweckel.de\/index.php?rest_route=\/wp\/v2\/types\/post"}],"author":[{"embeddable":true,"href":"https:\/\/www.svzweckel.de\/index.php?rest_route=\/wp\/v2\/users\/3"}],"replies":[{"embeddable":true,"href":"https:\/\/www.svzweckel.de\/index.php?rest_route=%2Fwp%2Fv2%2Fcomments&post=19415"}],"version-history":[{"count":1,"href":"https:\/\/www.svzweckel.de\/index.php?rest_route=\/wp\/v2\/posts\/19415\/revisions"}],"predecessor-version":[{"id":19417,"href":"https:\/\/www.svzweckel.de\/index.php?rest_route=\/wp\/v2\/posts\/19415\/revisions\/19417"}],"wp:featuredmedia":[{"embeddable":true,"href":"https:\/\/www.svzweckel.de\/index.php?rest_route=\/wp\/v2\/media\/19416"}],"wp:attachment":[{"href":"https:\/\/www.svzweckel.de\/index.php?rest_route=%2Fwp%2Fv2%2Fmedia&parent=19415"}],"wp:term":[{"taxonomy":"category","embeddable":true,"href":"https:\/\/www.svzweckel.de\/index.php?rest_route=%2Fwp%2Fv2%2Fcategories&post=19415"},{"taxonomy":"post_tag","embeddable":true,"href":"https:\/\/www.svzweckel.de\/index.php?rest_route=%2Fwp%2Fv2%2Ftags&post=19415"}],"curies":[{"name":"wp","href":"https:\/\/api.w.org\/{rel}","templated":true}]}}