{"id":19420,"date":"2026-09-06T21:03:57","date_gmt":"2026-09-06T19:03:57","guid":{"rendered":"https:\/\/www.svzweckel.de\/?p=19420"},"modified":"2026-09-06T21:03:57","modified_gmt":"2026-09-06T19:03:57","slug":"kein-spiel-fuer-schwache-nerven-sv-zweckel-gewinnt-31-gegen-hessler-ii","status":"publish","type":"post","link":"https:\/\/www.svzweckel.de\/?p=19420","title":{"rendered":"Kein Spiel f\u00fcr schwache Nerven \u2013 SV Zweckel gewinnt 3:1 gegen Hessler II"},"content":{"rendered":"\n<p class=\"wp-block-paragraph\"><strong>D<\/strong>Drei Rote Karten, eine schwere Verletzung und vier Tore \u2013 die Zuschauer am Zweckeler Platz bekamen heute einiges geboten. Am Ende setzte sich der SV Zweckel mit 3:1 gegen Hessler II durch.<\/p>\n\n\n\n<p class=\"wp-block-paragraph\">Drei Rote Karten, eine schwere Verletzung und vier Tore \u2013 die Zuschauer am Zweckeler Platz bekamen heute einiges geboten. Am Ende setzte sich der SV Zweckel mit 3:1 gegen Hessler II durch.<\/p>\n\n\n\n<p class=\"wp-block-paragraph\">Dabei erwischten die Gastgeber einen guten Start, obwohl der SV Zweckel auf Tristan Oben-Stintenberg, Marlon Boris, Alessandro Seider und weiterhin Jan Schwers verzichten musste.<\/p>\n\n\n\n<p class=\"wp-block-paragraph\">Leider kam im Laufe der Partie eine weitere Hiobsbotschaft hinzu: Sebastian Waldner musste nach einem Foulspiel mit dem Verdacht auf einen Kreuzbandriss den Platz verlassen und wurde anschlie\u00dfend ins Krankenhaus transportiert.<\/p>\n\n\n\n<p class=\"wp-block-paragraph\">Der gesamte Verein und die Mannschaft w\u00fcnschen \u201ePillo\u201c alles Gute und hoffen auf eine schnelle Genesung!<\/p>\n\n\n\n<p class=\"wp-block-paragraph\">Fu\u00dfball wurde nat\u00fcrlich auch noch gespielt \u2013 auch wenn die G\u00e4ste mit ihrer teilweise sehr harten Gangart nicht immer konsequent durch den jungen Schiedsrichter in die Schranken gewiesen wurden.<\/p>\n\n\n\n<p class=\"wp-block-paragraph\">Nach einem Foulspiel im Strafraum bekam der SV Zweckel einen Elfmeter zugesprochen. Leon Heckmann lie\u00df sich die Chance nicht nehmen und brachte die Gastgeber mit 1:0 in F\u00fchrung.<\/p>\n\n\n\n<p class=\"wp-block-paragraph\">Kurz vor der Pause dann die erste von insgesamt drei Roten Karten: In der 41. Minute musste Eren G\u00fcrses nach einer fragw\u00fcrdigen Entscheidung vorzeitig den Platz verlassen.<\/p>\n\n\n\n<p class=\"wp-block-paragraph\">Nach dem Seitenwechsel kam Hessler besser ins Spiel und erzielte in der 58. Minute den 1:1-Ausgleich.<\/p>\n\n\n\n<p class=\"wp-block-paragraph\">Doch nur sieben Minuten sp\u00e4ter war die Anzahl der Spieler wieder ausgeglichen. Auch ein G\u00e4steakteur hatte sich nicht im Griff und musste mit Rot vom Platz.<\/p>\n\n\n\n<p class=\"wp-block-paragraph\">Die numerische Gleichzahl hielt allerdings nicht lange an. Moritz Jekubczik lie\u00df sich ebenfalls zu einer unn\u00f6tigen Aktion hinrei\u00dfen und kassierte die dritte Rote Karte des Spiels. Der SV Zweckel musste damit erneut in Unterzahl weiterspielen.<\/p>\n\n\n\n<p class=\"wp-block-paragraph\">Doch die Zweckeler Mannschaft zeigte Moral und ging trotz Unterzahl erneut in F\u00fchrung. Sajad Omar wurde nach einem tollen Pass musterg\u00fcltig bedient und drosch den Ball mit gro\u00dfer \u00dcberzeugung zum 2:1 in die Maschen.<\/p>\n\n\n\n<p class=\"wp-block-paragraph\">Hessler warf anschlie\u00dfend noch einmal alles nach vorne \u2013 doch der SV Zweckel setzte den Schlusspunkt.<\/p>\n\n\n\n<p class=\"wp-block-paragraph\">In der Nachspielzeit erlief sich Eray Ciplak einen langen Abschlag von Dominik Bicker, umkurvte den gegnerischen Keeper und schob den Ball anschlie\u00dfend souver\u00e4n zum 3:1-Endstand ins leere Tor.<\/p>\n\n\n\n<p class=\"wp-block-paragraph\">Ein turbulentes Spiel mit drei Roten Karten, einer schweren Verletzung und jeder Menge Emotionen endet damit mit einem verdienten Heimsieg f\u00fcr den SV Zweckel.<\/p>\n","protected":false},"excerpt":{"rendered":"<p>DDrei Rote Karten, eine schwere Verletzung und vier Tore \u2013 die Zuschauer am Zweckeler Platz bekamen heute einiges geboten. Am Ende setzte sich der SV Zweckel mit 3:1 gegen Hessler II durch. Drei Rote Karten, eine schwere Verletzung und vier Tore \u2013 die Zuschauer am Zweckeler Platz bekamen heute einiges geboten. Am Ende setzte sich [&hellip;]<\/p>\n","protected":false},"author":3,"featured_media":19421,"comment_status":"open","ping_status":"","sticky":false,"template":"","format":"standard","meta":{"_jetpack_newsletter_access":"","_jetpack_dont_email_post_to_subs":false,"_jetpack_newsletter_tier_id":0,"_jetpack_memberships_contains_paywalled_content":false,"_jetpack_feature_clip_id":0,"_jetpack_memberships_contains_paid_content":false,"footnotes":"","jetpack_publicize_message":"","jetpack_publicize_feature_enabled":true,"jetpack_social_post_already_shared":true,"jetpack_social_options":{"image_generator_settings":{"template":"highway","default_image_id":0,"font":"","enabled":false},"version":2},"jetpack_post_was_ever_published":false},"categories":[3],"tags":[],"class_list":["post-19420","post","type-post","status-publish","format-standard","has-post-thumbnail","hentry","category-allgemein"],"jetpack_publicize_connections":[],"jetpack_sharing_enabled":true,"jetpack_featured_media_url":"https:\/\/i0.wp.com\/www.svzweckel.de\/wp-content\/uploads\/PXL_20260906_150059269-Gross.jpg?fit=1920%2C1080&ssl=1","_links":{"self":[{"href":"https:\/\/www.svzweckel.de\/index.php?rest_route=\/wp\/v2\/posts\/19420","targetHints":{"allow":["GET"]}}],"collection":[{"href":"https:\/\/www.svzweckel.de\/index.php?rest_route=\/wp\/v2\/posts"}],"about":[{"href":"https:\/\/www.svzweckel.de\/index.php?rest_route=\/wp\/v2\/types\/post"}],"author":[{"embeddable":true,"href":"https:\/\/www.svzweckel.de\/index.php?rest_route=\/wp\/v2\/users\/3"}],"replies":[{"embeddable":true,"href":"https:\/\/www.svzweckel.de\/index.php?rest_route=%2Fwp%2Fv2%2Fcomments&post=19420"}],"version-history":[{"count":1,"href":"https:\/\/www.svzweckel.de\/index.php?rest_route=\/wp\/v2\/posts\/19420\/revisions"}],"predecessor-version":[{"id":19422,"href":"https:\/\/www.svzweckel.de\/index.php?rest_route=\/wp\/v2\/posts\/19420\/revisions\/19422"}],"wp:featuredmedia":[{"embeddable":true,"href":"https:\/\/www.svzweckel.de\/index.php?rest_route=\/wp\/v2\/media\/19421"}],"wp:attachment":[{"href":"https:\/\/www.svzweckel.de\/index.php?rest_route=%2Fwp%2Fv2%2Fmedia&parent=19420"}],"wp:term":[{"taxonomy":"category","embeddable":true,"href":"https:\/\/www.svzweckel.de\/index.php?rest_route=%2Fwp%2Fv2%2Fcategories&post=19420"},{"taxonomy":"post_tag","embeddable":true,"href":"https:\/\/www.svzweckel.de\/index.php?rest_route=%2Fwp%2Fv2%2Ftags&post=19420"}],"curies":[{"name":"wp","href":"https:\/\/api.w.org\/{rel}","templated":true}]}}