{"id":1977,"date":"2015-02-15T20:02:34","date_gmt":"2015-02-15T20:02:34","guid":{"rendered":"http:\/\/www.svzweckel.de\/?p=1977"},"modified":"2015-02-15T20:08:25","modified_gmt":"2015-02-15T20:08:25","slug":"die-dritte-besteht-die-generalprobe-in-schermbeck-erfolgreich","status":"publish","type":"post","link":"https:\/\/www.svzweckel.de\/?p=1977","title":{"rendered":"Die &#8222;Dritte&#8220; besteht die Generalprobe in Schermbeck erfolgreich"},"content":{"rendered":"<p>SV Schermbeck II &#8211; SV Zweckel III\u00a0 2:3 (1:0)<\/p>\n<p>Die 3.Mannschaft des SV Zweckel beendete ihre Testspiele am heutigen Sonntag mit einem hart erarbeiteten 3:2 Sieg und bleibt in den Testspielen auch gegen Mannschaften aus h\u00f6heren Ligen ungeschlagen. Beim B-Ligisten SV Schermbeck fing es gar nicht gut an. Bereits nach 20 Sekunden blieb Keeper Scheuplein bei einem Kl\u00e4rungsversuch im &#8222;hohen&#8220; Kunstrasen h\u00e4ngen und der Schermbecker St\u00fcrmer sagte artig Danke als er den Ball ins Tor schob. Danach merkte man der Mannschaft schon den Schock an, als sich der normalerweise sichere Marcel Lachmanski den n\u00e4chsten Bolzen leistete. Nach 15 min. waren wir dann auch endlich im Spiel und durch einem weiten \u00a0Abschlag von Scheuplein\u00a0ging Claudio Militello alleine auf das Schermbecker Tor zu und \u00fcberlupfte\u00a0 auch den herauseilenden Torh\u00fcter \u00fcberragend. Allerdings sprang der Ball kurz vor dem Ziel noch einmal auf und sprang letztendlich an die Latte. Bis zur Pause hatte Schermbeck mit seinen schnellen St\u00fcrmern noch die ein oder andere M\u00f6glichkeit, doch der Abwehrriegel um\u00a0Lachmanski und Kulina hielt Stand. Im zweiten Abschnitt kam der SV Zweckel besser aus der Kabine. Rafael Dudek hatte die erste Einschusschance, scheiterte jedoch freistehend am Keeper der Gastgeber. Nur eine kleine Unaufmerksamkeit vom ansonsten starken SVZ-Kapit\u00e4n G\u00fcney Turhan nutzte der SVS zur 2:0 F\u00fchrung. Doch der SV Zweckel gab sich nicht auf und erzielte durch Daniel Munzert in der 60.min den Anschlusstreffer zum 1:2 Mit Manni Schwers und G\u00f6khan Turhan kamen noch frische Kr\u00e4fte dazu und das sollte sich auszahlen. In der 70.min . schlug G\u00fcney Turhan einen Freisto\u00df genau auf den Kopf von David Kulina und \u00fcber dessen Kopfballst\u00e4rke brauchen wir nicht reden, als er den Ball zum 2:2 ins Schermbecker Geh\u00e4use wuchtete. Doch damit noch nicht genug. In der 78.min sah G\u00f6khan Turhan den durchstartenden Manni Schwers und dieser lief Lehrbuchm\u00e4\u00dfig bis zur Grundlinie und passte den Ball in den R\u00fccken der Schermbecker Abwehr auf den bereitstehenden Daniel Munzert\u00a0, der sich nicht zweimal Bitten lies und zum 3:2 f\u00fcr den SVZ einschob\u00a0. Das schaukelte die Dritte \u00fcber die Zeit und gewann aufgrund der 2.Halbzeit auch verdient. Nun sollte man f\u00fcr den kommen Sonntag zum R\u00fcckrundenauftakt gegen SuS Schwarz Blau Gladbeck bestens ger\u00fcstet sein.<\/p>\n","protected":false},"excerpt":{"rendered":"<p>SV Schermbeck II &#8211; SV Zweckel III\u00a0 2:3 (1:0) Die 3.Mannschaft des SV Zweckel beendete ihre Testspiele am heutigen Sonntag mit einem hart erarbeiteten 3:2 Sieg und bleibt in den Testspielen auch gegen Mannschaften aus h\u00f6heren Ligen ungeschlagen. Beim B-Ligisten SV Schermbeck fing es gar nicht gut an. Bereits nach 20 Sekunden blieb Keeper Scheuplein [&hellip;]<\/p>\n","protected":false},"author":3,"featured_media":1187,"comment_status":"open","ping_status":"open","sticky":false,"template":"","format":"standard","meta":{"_jetpack_memberships_contains_paid_content":false,"footnotes":"","jetpack_publicize_message":"","jetpack_publicize_feature_enabled":true,"jetpack_social_post_already_shared":false,"jetpack_social_options":{"image_generator_settings":{"template":"highway","default_image_id":0,"font":"","enabled":false},"version":2}},"categories":[1],"tags":[],"class_list":["post-1977","post","type-post","status-publish","format-standard","has-post-thumbnail","hentry","category-uncategorized"],"jetpack_publicize_connections":[],"jetpack_featured_media_url":"https:\/\/i0.wp.com\/www.svzweckel.de\/wp-content\/uploads\/2014\/07\/2014-08-24-14.58.08.jpg?fit=800%2C450&ssl=1","jetpack_sharing_enabled":true,"_links":{"self":[{"href":"https:\/\/www.svzweckel.de\/index.php?rest_route=\/wp\/v2\/posts\/1977","targetHints":{"allow":["GET"]}}],"collection":[{"href":"https:\/\/www.svzweckel.de\/index.php?rest_route=\/wp\/v2\/posts"}],"about":[{"href":"https:\/\/www.svzweckel.de\/index.php?rest_route=\/wp\/v2\/types\/post"}],"author":[{"embeddable":true,"href":"https:\/\/www.svzweckel.de\/index.php?rest_route=\/wp\/v2\/users\/3"}],"replies":[{"embeddable":true,"href":"https:\/\/www.svzweckel.de\/index.php?rest_route=%2Fwp%2Fv2%2Fcomments&post=1977"}],"version-history":[{"count":0,"href":"https:\/\/www.svzweckel.de\/index.php?rest_route=\/wp\/v2\/posts\/1977\/revisions"}],"wp:featuredmedia":[{"embeddable":true,"href":"https:\/\/www.svzweckel.de\/index.php?rest_route=\/wp\/v2\/media\/1187"}],"wp:attachment":[{"href":"https:\/\/www.svzweckel.de\/index.php?rest_route=%2Fwp%2Fv2%2Fmedia&parent=1977"}],"wp:term":[{"taxonomy":"category","embeddable":true,"href":"https:\/\/www.svzweckel.de\/index.php?rest_route=%2Fwp%2Fv2%2Fcategories&post=1977"},{"taxonomy":"post_tag","embeddable":true,"href":"https:\/\/www.svzweckel.de\/index.php?rest_route=%2Fwp%2Fv2%2Ftags&post=1977"}],"curies":[{"name":"wp","href":"https:\/\/api.w.org\/{rel}","templated":true}]}}