{"id":2006,"date":"2015-02-22T19:57:35","date_gmt":"2015-02-22T19:57:35","guid":{"rendered":"http:\/\/www.svzweckel.de\/?p=2006"},"modified":"2015-02-22T19:57:35","modified_gmt":"2015-02-22T19:57:35","slug":"auftakt-nach-mass-fuer-die-dritte","status":"publish","type":"post","link":"https:\/\/www.svzweckel.de\/?p=2006","title":{"rendered":"Auftakt nach Ma\u00df f\u00fcr die &#8222;Dritte&#8220;"},"content":{"rendered":"<p>SV Zweckel 3 &#8211; SuS\u00a0 SB Gladbeck 2\u00a0 7:0 (3:0)<\/p>\n<p>Im ersten Punktspiel nach der Winterpause pr\u00e4sentierte sich die 3. Mannschaft in guter Torlaune.<\/p>\n<p>Bereits in der 3.min flankte Rafael Dudek genau in das lange Eck des SB-Tores.<\/p>\n<p>Nur 8 Minuten sp\u00e4ter war Torj\u00e4ger Claudio Militello zur Stelle und erzielte per Flachschuss das 2:0.<\/p>\n<p>Als Militello in der 15.min nach einer Traumkombination mit Dudek und Dreger das 3:0 erzielte , war der Drops schon fast gelutscht.<\/p>\n<p>SB gab sich nicht auf und versuchte dem SV Zweckel Probleme zu bereiten.<\/p>\n<p>Allerdings blieb es nur bei den Versuchen denn der SVZ hatte alles im Griff und wenn mal etwas durchkam, dann war &#8222;Teddyb\u00e4r&#8220; Scheuplein zur Stelle ,denn f\u00fcr ihn steht nur die &#8222;0&#8220; .<\/p>\n<p>Dennoch ging der SV Zweckel sehr fahrl\u00e4ssig mit seinen Chancen um und konnte zur Halbzeit eigentlich locker mit 8:0 f\u00fchren.<\/p>\n<p>Die zweite Halbzeit begann wie die erste, mit einem schnellen Tor durch Marcel Capek zum 4:0.<\/p>\n<p>Manni Schwers h\u00e4tte sein starkes Spiel mit 2 Toren belohnen k\u00f6nnen , doch er scheiterte an seinen Nerven vor dem Tor.<\/p>\n<p>Claudio Militello konnte in der 67.min sogar zum 5:0 eischiessen<\/p>\n<p>Nach einer super Kombination mit Militello und Dudek erzielte Winny Jungnickel das 6:0.<\/p>\n<p>Militello schloss mit seinem 4. Tor in der 89.min die T\u00fcr ab und SB Gladbeck\u00a0war mit dem 0:7 noch gut bedient.<\/p>\n<p>Trainer Groth nach dem Spiel: &#8220; Unzufrieden bin ich eigentlich nur mit der Chancenverwertung, der Rest war sehr gut.<\/p>\n<p>Doch n\u00e4chste Woche wartet mit Preu\u00dfen ein anderes Kaliber auf uns und da werden wir nicht so viele Chancen bekommen, daa m\u00fcssen die paar M\u00f6glichkeiten sitzen, die man da bekommt.<\/p>\n<p>Dennoch sind wir auf einem guten Weg und ich glaube auch an meine Mannschaft, dass wir den Tabellenf\u00fchrer schlagen k\u00f6nnen.&#8220;<\/p>\n<p>&nbsp;<\/p>\n","protected":false},"excerpt":{"rendered":"<p>SV Zweckel 3 &#8211; SuS\u00a0 SB Gladbeck 2\u00a0 7:0 (3:0) Im ersten Punktspiel nach der Winterpause pr\u00e4sentierte sich die 3. Mannschaft in guter Torlaune. Bereits in der 3.min flankte Rafael Dudek genau in das lange Eck des SB-Tores. Nur 8 Minuten sp\u00e4ter war Torj\u00e4ger Claudio Militello zur Stelle und erzielte per Flachschuss das 2:0. Als [&hellip;]<\/p>\n","protected":false},"author":3,"featured_media":0,"comment_status":"open","ping_status":"open","sticky":false,"template":"","format":"standard","meta":{"_jetpack_memberships_contains_paid_content":false,"footnotes":"","jetpack_publicize_message":"","jetpack_publicize_feature_enabled":true,"jetpack_social_post_already_shared":false,"jetpack_social_options":{"image_generator_settings":{"template":"highway","default_image_id":0,"font":"","enabled":false},"version":2}},"categories":[1],"tags":[],"class_list":["post-2006","post","type-post","status-publish","format-standard","hentry","category-uncategorized"],"jetpack_publicize_connections":[],"jetpack_featured_media_url":"","jetpack_sharing_enabled":true,"_links":{"self":[{"href":"https:\/\/www.svzweckel.de\/index.php?rest_route=\/wp\/v2\/posts\/2006","targetHints":{"allow":["GET"]}}],"collection":[{"href":"https:\/\/www.svzweckel.de\/index.php?rest_route=\/wp\/v2\/posts"}],"about":[{"href":"https:\/\/www.svzweckel.de\/index.php?rest_route=\/wp\/v2\/types\/post"}],"author":[{"embeddable":true,"href":"https:\/\/www.svzweckel.de\/index.php?rest_route=\/wp\/v2\/users\/3"}],"replies":[{"embeddable":true,"href":"https:\/\/www.svzweckel.de\/index.php?rest_route=%2Fwp%2Fv2%2Fcomments&post=2006"}],"version-history":[{"count":0,"href":"https:\/\/www.svzweckel.de\/index.php?rest_route=\/wp\/v2\/posts\/2006\/revisions"}],"wp:attachment":[{"href":"https:\/\/www.svzweckel.de\/index.php?rest_route=%2Fwp%2Fv2%2Fmedia&parent=2006"}],"wp:term":[{"taxonomy":"category","embeddable":true,"href":"https:\/\/www.svzweckel.de\/index.php?rest_route=%2Fwp%2Fv2%2Fcategories&post=2006"},{"taxonomy":"post_tag","embeddable":true,"href":"https:\/\/www.svzweckel.de\/index.php?rest_route=%2Fwp%2Fv2%2Ftags&post=2006"}],"curies":[{"name":"wp","href":"https:\/\/api.w.org\/{rel}","templated":true}]}}