{"id":2026,"date":"2015-02-02T21:24:07","date_gmt":"2015-02-02T21:24:07","guid":{"rendered":"http:\/\/www.svzweckel.de\/?p=2026"},"modified":"2015-02-27T20:54:07","modified_gmt":"2015-02-27T20:54:07","slug":"sonntag-1500-uhr-sv-zweckel-eintracht-rheine","status":"publish","type":"post","link":"https:\/\/www.svzweckel.de\/?p=2026","title":{"rendered":"Sonntag, 15:00 Uhr: SV Zweckel &#8211; Eintracht Rheine"},"content":{"rendered":"<p>Am kommenden Sonntag gilt es! Der n\u00e4chste Heimsieg muss her, auch wenn der Tabellensiebte an der Dorstener Stra\u00dfe aufl\u00e4uft. Eintracht Rheine hat fast doppelt so viel Punkte wie der SV Zweckel und ist mit einem knappen 1:0-Sieg gegen Sprockh\u00f6vel in die R\u00fcckrunde gestartet. Der Gastgeber dagegen musste bei Arminia Bielefeld eine bittere Niederlage hinnehmen.<br \/>\nIn der Woche hat der SV Zweckel beim Landesligisten Wanne 11 noch erfolgreich getestet und sich hoffentlich mit dem 1:5-Sieg gut auf die kommende Partie vorbereitet. Es ist noch ein Geheimnis, ob Christopher Zeh, der endlich wieder zum Kader des SVZ geh\u00f6rt, am Sonntag evtl. sein Heimspieldeb\u00fct geben wird. In Bielefeld durfte er schon ein gute Viertelstunde mitwirken und hat insbesondere bei den Standards sein Potenzial angedeutet. Im Training hat G\u00fcnter Appelt seine Mannschaft noch einmal besondere Spiel- und Torschussformen \u00fcben lassen, die gegen Rheine erfolgreich umgesetzt werden sollen. Wie schon in der Hinrunde muss der SV Zweckel endlich seine Ladehemmung beheben und des Gegners Tor treffen. Die Mannschaft muss sich endlich einmal f\u00fcr den von ihr betriebenen Aufwand belohnen und das verdiente Ergebnis einfahren.<\/p>\n<p>Die Partie soll am Sonntag, dem 01.03.15, 15:00 Uhr, angepfiffen werden, sofern der Sportplatz an der Dorstener Stra\u00dfe freigegeben ist. Die Wettervorhersage verspricht f\u00fcr das Wochenende sehr wechselhaftes Wetter, so dass die Partie noch nicht sicher stattfinden kann.<\/p>\n<p>Der SV Zweckel freut sich nat\u00fcrlich \u00fcber einen regen Zuschauerzuspruch, um das Team auch zu unterst\u00fctzen, bittet allerdings darum, dass die Ver\u00f6ffentlichungen auf der Homepage beachtet werden. Dort wird der SVZ rechtzeitig eine m\u00f6gliche Spielabsage ver\u00f6ffentlichen.<\/p>\n","protected":false},"excerpt":{"rendered":"<p>Am kommenden Sonntag gilt es! Der n\u00e4chste Heimsieg muss her, auch wenn der Tabellensiebte an der Dorstener Stra\u00dfe aufl\u00e4uft. Eintracht Rheine hat fast doppelt so viel Punkte wie der SV Zweckel und ist mit einem knappen 1:0-Sieg gegen Sprockh\u00f6vel in die R\u00fcckrunde gestartet. Der Gastgeber dagegen musste bei Arminia Bielefeld eine bittere Niederlage hinnehmen. In [&hellip;]<\/p>\n","protected":false},"author":3,"featured_media":1580,"comment_status":"open","ping_status":"open","sticky":false,"template":"","format":"standard","meta":{"_jetpack_memberships_contains_paid_content":false,"footnotes":"","jetpack_publicize_message":"","jetpack_publicize_feature_enabled":true,"jetpack_social_post_already_shared":false,"jetpack_social_options":{"image_generator_settings":{"template":"highway","default_image_id":0,"font":"","enabled":false},"version":2}},"categories":[2],"tags":[],"class_list":["post-2026","post","type-post","status-publish","format-standard","has-post-thumbnail","hentry","category-1-mannschaft"],"jetpack_publicize_connections":[],"jetpack_featured_media_url":"https:\/\/i0.wp.com\/www.svzweckel.de\/wp-content\/uploads\/2014\/11\/07092014_140238.jpg?fit=800%2C600&ssl=1","jetpack_sharing_enabled":true,"_links":{"self":[{"href":"https:\/\/www.svzweckel.de\/index.php?rest_route=\/wp\/v2\/posts\/2026","targetHints":{"allow":["GET"]}}],"collection":[{"href":"https:\/\/www.svzweckel.de\/index.php?rest_route=\/wp\/v2\/posts"}],"about":[{"href":"https:\/\/www.svzweckel.de\/index.php?rest_route=\/wp\/v2\/types\/post"}],"author":[{"embeddable":true,"href":"https:\/\/www.svzweckel.de\/index.php?rest_route=\/wp\/v2\/users\/3"}],"replies":[{"embeddable":true,"href":"https:\/\/www.svzweckel.de\/index.php?rest_route=%2Fwp%2Fv2%2Fcomments&post=2026"}],"version-history":[{"count":0,"href":"https:\/\/www.svzweckel.de\/index.php?rest_route=\/wp\/v2\/posts\/2026\/revisions"}],"wp:featuredmedia":[{"embeddable":true,"href":"https:\/\/www.svzweckel.de\/index.php?rest_route=\/wp\/v2\/media\/1580"}],"wp:attachment":[{"href":"https:\/\/www.svzweckel.de\/index.php?rest_route=%2Fwp%2Fv2%2Fmedia&parent=2026"}],"wp:term":[{"taxonomy":"category","embeddable":true,"href":"https:\/\/www.svzweckel.de\/index.php?rest_route=%2Fwp%2Fv2%2Fcategories&post=2026"},{"taxonomy":"post_tag","embeddable":true,"href":"https:\/\/www.svzweckel.de\/index.php?rest_route=%2Fwp%2Fv2%2Ftags&post=2026"}],"curies":[{"name":"wp","href":"https:\/\/api.w.org\/{rel}","templated":true}]}}