{"id":2035,"date":"2015-03-01T19:22:08","date_gmt":"2015-03-01T19:22:08","guid":{"rendered":"http:\/\/www.svzweckel.de\/?p=2035"},"modified":"2015-03-01T19:22:08","modified_gmt":"2015-03-01T19:22:08","slug":"die-dritte-erringt-ein-leistungsgerechtes-22-beim-spitzenreiter","status":"publish","type":"post","link":"https:\/\/www.svzweckel.de\/?p=2035","title":{"rendered":"Die &#8222;Dritte&#8220; erringt ein Leistungsgerechtes 2:2 beim Spitzenreiter"},"content":{"rendered":"<p>SG Preu\u00dfen Gladbeck 3 &#8211; SV Zweckel 3\u00a0 2:2 (2:1)<\/p>\n<p>Gerade mal 3 Punkte war der R\u00fcckstand auf Preu\u00dfen und wird es am Ende auch bleiben.<\/p>\n<p>Preu\u00dfen nutzte die M\u00f6glichkeit , sich mit einigen Leuten aus dem eigenen Mannschaften des Vereins zu verst\u00e4rken , die noch nicht im Meisterschaftsspielbetri<strong>eb waren.<\/strong><\/p>\n<p>Zweckel konnte sich nach Ausf\u00e4llen von Adil Lahbabi, Mo Maoula\u00a0und Winny Jungnickel nur auf die treuen Dienste von David Kulina erfreuen, der es mit seiner Erfahrung zulie\u00df, mit einer Viererketten zu spielen.<\/p>\n<p>Preu\u00dfen war in der ersten Halbzeit die tonangebende Mannschaft und bereitete den Zweckelern vor allem mit ihren schellen Leuten das ein oder andere mal bei Kontergegenst\u00f6\u00dfen arge Probleme.<\/p>\n<p>Dennoch ging der SV Zweckel durch einen Schuss mit der Pike von Jens Dreger mit 1:0 in F\u00fchrung.<\/p>\n<p>Preu\u00dfen konterte nach Standards stets gef\u00e4hrlich und konnte in der 25.min nach einem Abgef\u00e4lschten Ball zum 1:1 ausgleichen.<\/p>\n<p>Preu\u00dfen war danach die bessere Mannschaft und nach einem Blackout von Capek, der unbedr\u00e4ngt einen Ball zur\u00fcck passt, genau einem Preu\u00dfenspieler in die F\u00fc\u00dfe, der Torh\u00fcter Scheuplein umkurvte und zum 2:1 einschoss.<\/p>\n<p>In der 40.min. gab es noch ein Lattenschuss f\u00fcr die Preussen\u00a0 und der SVZ rettete sichmit dem 1:2\u00a0in die Pause.<\/p>\n<p>Nach dem Wechsel und einer sachlichen Ansprache vom Trainer Mike Groth bekamen die Gr\u00fcnhemden die Partie in den Griff und Preu\u00dfen neutralisierte sich in die eigene H\u00e4lfte .<\/p>\n<p>Marcel Capek wollte seinen Fehler wieder korrigieren, aber sein Freisto\u00df landete nur am Aussenpfosten der Preu\u00dfen.<\/p>\n<p>Rafael Dudek hatte den Ausgleich auf dem Fu\u00df, aber Lukas Cichowlas parierte seinen Schuss sensationell.<\/p>\n<p>Zweckel war jetzt am Dr\u00fccker und wurde schlie\u00dflich f\u00fcr ihren Aufwand auch belohnt.<\/p>\n<p>Nach einer Ecke von Munzert erzielte David Kulina den mittlerweile hochverdienten Ausgleich zum 2:2 in der 75.min.<\/p>\n<p>Der SVZ versuchte nach diesem Kraftakt den Punkt mitzunehmen und riskierte nicht mehr viel.<\/p>\n<p>G\u00f6khan Turhan h\u00e4tte allerdings noch f\u00fcr den Lucky Punch sorgen k\u00f6nnen, doch sein Schuss strich nur einen halben Meter am Tor vorbei.<\/p>\n<p>Am Ende waren beide Seiten mit der Punkteteilung einverstanden.<\/p>\n<p>Trainer Mike Groth nach dem Spiel: &#8222;Es war ein Leistungsgerechtes Unentschieden. Es war ein Intensives und gutes Kreisligaspiel mit Chancen auf beiden Seiten. Aufgrund der starken ersten Halbzeit der Preu\u00dfen und der besseren zweiten H\u00e4lfte f\u00fcr uns , kann sich keiner \u00fcber dieses \u00a0Ergebnis beschweren.<\/p>\n<p>Nat\u00fcrlich h\u00e4tten wir gerne gewonnen, doch Preu\u00dfen hat eine gute Mannschaft und steht auch zurecht da oben.<\/p>\n<p>Wir bleiben auf Tuchf\u00fchlung mit 3 Punkten Abstand und ich bin auch lieber der J\u00e4ger, als der gejagte.<\/p>\n<p>Mal sehen, wer am Ende die besseren Nerven hat. Es sind ja noch ein paar andere Mannschaften im Rennen, die es zu schlagen gilt&#8220;.<\/p>\n<p>&nbsp;<\/p>\n<p>&nbsp;<\/p>\n","protected":false},"excerpt":{"rendered":"<p>SG Preu\u00dfen Gladbeck 3 &#8211; SV Zweckel 3\u00a0 2:2 (2:1) Gerade mal 3 Punkte war der R\u00fcckstand auf Preu\u00dfen und wird es am Ende auch bleiben. Preu\u00dfen nutzte die M\u00f6glichkeit , sich mit einigen Leuten aus dem eigenen Mannschaften des Vereins zu verst\u00e4rken , die noch nicht im Meisterschaftsspielbetrieb waren. Zweckel konnte sich nach Ausf\u00e4llen [&hellip;]<\/p>\n","protected":false},"author":3,"featured_media":1187,"comment_status":"open","ping_status":"open","sticky":false,"template":"","format":"standard","meta":{"_jetpack_memberships_contains_paid_content":false,"footnotes":"","jetpack_publicize_message":"","jetpack_publicize_feature_enabled":true,"jetpack_social_post_already_shared":false,"jetpack_social_options":{"image_generator_settings":{"template":"highway","default_image_id":0,"font":"","enabled":false},"version":2}},"categories":[1],"tags":[],"class_list":["post-2035","post","type-post","status-publish","format-standard","has-post-thumbnail","hentry","category-uncategorized"],"jetpack_publicize_connections":[],"jetpack_featured_media_url":"https:\/\/i0.wp.com\/www.svzweckel.de\/wp-content\/uploads\/2014\/07\/2014-08-24-14.58.08.jpg?fit=800%2C450&ssl=1","jetpack_sharing_enabled":true,"_links":{"self":[{"href":"https:\/\/www.svzweckel.de\/index.php?rest_route=\/wp\/v2\/posts\/2035","targetHints":{"allow":["GET"]}}],"collection":[{"href":"https:\/\/www.svzweckel.de\/index.php?rest_route=\/wp\/v2\/posts"}],"about":[{"href":"https:\/\/www.svzweckel.de\/index.php?rest_route=\/wp\/v2\/types\/post"}],"author":[{"embeddable":true,"href":"https:\/\/www.svzweckel.de\/index.php?rest_route=\/wp\/v2\/users\/3"}],"replies":[{"embeddable":true,"href":"https:\/\/www.svzweckel.de\/index.php?rest_route=%2Fwp%2Fv2%2Fcomments&post=2035"}],"version-history":[{"count":0,"href":"https:\/\/www.svzweckel.de\/index.php?rest_route=\/wp\/v2\/posts\/2035\/revisions"}],"wp:featuredmedia":[{"embeddable":true,"href":"https:\/\/www.svzweckel.de\/index.php?rest_route=\/wp\/v2\/media\/1187"}],"wp:attachment":[{"href":"https:\/\/www.svzweckel.de\/index.php?rest_route=%2Fwp%2Fv2%2Fmedia&parent=2035"}],"wp:term":[{"taxonomy":"category","embeddable":true,"href":"https:\/\/www.svzweckel.de\/index.php?rest_route=%2Fwp%2Fv2%2Fcategories&post=2035"},{"taxonomy":"post_tag","embeddable":true,"href":"https:\/\/www.svzweckel.de\/index.php?rest_route=%2Fwp%2Fv2%2Ftags&post=2035"}],"curies":[{"name":"wp","href":"https:\/\/api.w.org\/{rel}","templated":true}]}}