{"id":2171,"date":"2015-03-30T13:09:30","date_gmt":"2015-03-30T13:09:30","guid":{"rendered":"http:\/\/www.svzweckel.de\/?p=2171"},"modified":"2015-03-30T21:29:58","modified_gmt":"2015-03-30T21:29:58","slug":"2004er-qualifizieren-sich-fuer-den-grotenburg-cup","status":"publish","type":"post","link":"https:\/\/www.svzweckel.de\/?p=2171","title":{"rendered":"2004er qualifizieren sich f\u00fcr den Grotenburg Cup"},"content":{"rendered":"<p>Am Sonntag den 29.03.2015 konnte unser 2004er Jahrgang in einem Qualifikationsturnier mit 20 Mannschaften einen starken 3. Platz belegen und qualifizierte sich somit f\u00fcr den internationalen Grotenburg Cup.<\/p>\n<p>Wie schon des\u00f6fteren wurden unsere 2004er aus unserer E1 und E3 gemischt und fuhren nach Krefeld zu einem Qualifikationsturnier nach Krefeld.<\/p>\n<p>In der Vorrunde besiegten unsere Jungs den SG Kaarst, VFB G\u00fcnnigfeld, CFB Ford Niehl und den SV Wesrsten 04. Mit 8:0 Toren und 12 Punkten konnte man als Gruppenerster in das Viertelfinale einziehen. Dort wartete dann Adler Union Frintrop. In einem spannenden Spiel setzten die Gr\u00fcnhemden sich im 9-Meter Schie\u00dfen durch und zogen in das Halbfinale ein. Dort unterlag man dem FC Br\u00fcnninghausen. Dies sollte allerdings die einzige Niederlage bleiben. Gegen die SG Unterrath gewann im Spiel um Platz 3 mit 1:0. Somit konnten unsere Jungs sich f\u00fcr das internationale Turnier in der altehrw\u00fcrdigen Grotenkampfbahn qualifizieren. In der Endrunde warten einige namhafte Gegner wie zum Beispiel der PSV Eindhoven, Alemania Aachen, VV Venlo, Wuppertaler SV usw&#8230;&#8230; Das Finalturnier findet am 14.05.2015 statt.<\/p>\n<p>Es ist sch\u00f6n zu beobachten wie unser 2004er Jahrgang immer mehr zusammen w\u00e4chst.<\/p>\n<p>F\u00fcr den SV Zweckel spielten:<\/p>\n<p>Julian Twardowski, Denis Djatlev, Kevin Kanke, Lukas Bergmann, Burak G\u00fcnes, Efekan Kara, Fabian Anlauf, Lenny Theis und Henrik Dier.<\/p>\n<p>Herzlichen Gl\u00fcckwunsch und viel Spa\u00df beim internationalen Grotenburg Cup!<\/p>\n<p>&nbsp;<\/p>\n","protected":false},"excerpt":{"rendered":"<p>Am Sonntag den 29.03.2015 konnte unser 2004er Jahrgang in einem Qualifikationsturnier mit 20 Mannschaften einen starken 3. Platz belegen und qualifizierte sich somit f\u00fcr den internationalen Grotenburg Cup. Wie schon des\u00f6fteren wurden unsere 2004er aus unserer E1 und E3 gemischt und fuhren nach Krefeld zu einem Qualifikationsturnier nach Krefeld. In der Vorrunde besiegten unsere Jungs [&hellip;]<\/p>\n","protected":false},"author":3,"featured_media":2182,"comment_status":"open","ping_status":"open","sticky":false,"template":"","format":"standard","meta":{"_jetpack_memberships_contains_paid_content":false,"footnotes":"","jetpack_publicize_message":"","jetpack_publicize_feature_enabled":true,"jetpack_social_post_already_shared":false,"jetpack_social_options":{"image_generator_settings":{"template":"highway","default_image_id":0,"font":"","enabled":false},"version":2}},"categories":[10,1],"tags":[],"class_list":["post-2171","post","type-post","status-publish","format-standard","has-post-thumbnail","hentry","category-nachwuchs","category-uncategorized"],"jetpack_publicize_connections":[],"jetpack_featured_media_url":"https:\/\/i0.wp.com\/www.svzweckel.de\/wp-content\/uploads\/2015\/03\/D-Junioren.jpg?fit=800%2C450&ssl=1","jetpack_sharing_enabled":true,"_links":{"self":[{"href":"https:\/\/www.svzweckel.de\/index.php?rest_route=\/wp\/v2\/posts\/2171","targetHints":{"allow":["GET"]}}],"collection":[{"href":"https:\/\/www.svzweckel.de\/index.php?rest_route=\/wp\/v2\/posts"}],"about":[{"href":"https:\/\/www.svzweckel.de\/index.php?rest_route=\/wp\/v2\/types\/post"}],"author":[{"embeddable":true,"href":"https:\/\/www.svzweckel.de\/index.php?rest_route=\/wp\/v2\/users\/3"}],"replies":[{"embeddable":true,"href":"https:\/\/www.svzweckel.de\/index.php?rest_route=%2Fwp%2Fv2%2Fcomments&post=2171"}],"version-history":[{"count":0,"href":"https:\/\/www.svzweckel.de\/index.php?rest_route=\/wp\/v2\/posts\/2171\/revisions"}],"wp:featuredmedia":[{"embeddable":true,"href":"https:\/\/www.svzweckel.de\/index.php?rest_route=\/wp\/v2\/media\/2182"}],"wp:attachment":[{"href":"https:\/\/www.svzweckel.de\/index.php?rest_route=%2Fwp%2Fv2%2Fmedia&parent=2171"}],"wp:term":[{"taxonomy":"category","embeddable":true,"href":"https:\/\/www.svzweckel.de\/index.php?rest_route=%2Fwp%2Fv2%2Fcategories&post=2171"},{"taxonomy":"post_tag","embeddable":true,"href":"https:\/\/www.svzweckel.de\/index.php?rest_route=%2Fwp%2Fv2%2Ftags&post=2171"}],"curies":[{"name":"wp","href":"https:\/\/api.w.org\/{rel}","templated":true}]}}