{"id":2179,"date":"2015-03-30T15:37:28","date_gmt":"2015-03-30T15:37:28","guid":{"rendered":"http:\/\/www.svzweckel.de\/?p=2179"},"modified":"2015-03-30T15:37:49","modified_gmt":"2015-03-30T15:37:49","slug":"sv-zweckel-ii-gewinnt-in-beckhausen-waz-vom-30-03-15","status":"publish","type":"post","link":"https:\/\/www.svzweckel.de\/?p=2179","title":{"rendered":"SV Zweckel II gewinnt in Beckhausen (WAZ vom 30.03.15)"},"content":{"rendered":"<div><strong>SuS Beckhausen &#8211; SV Zweckel II 1:2 (1:1) <\/strong>SV Zweckel II: Akmes, Schluck (46. Varli), Karabulut, Alkac, Lachmanski, Aldirmaz (64. Urbschat), B\u00f6ttcher, Jungnickel, Bohr, Glagla.<\/p>\n<p>Tore: 0:1 Schluck (36.), 1:1 (45.), 1:2 Varli (58.)<\/p>\n<p>Die Oberliga-Reserve des SV Zweckel siegte beim Tabellenvorletzten SuS Beckhausen mit 2:1. Nachdem die Gladbecker letzte Woche 1:1 spielten, konnten die Gr\u00fcnhemden am dritten Spieltag des neuen Jahres den ersten Sieg einfahren.<br \/>\n<strong>Varli erzielt den Siegtreffer <\/strong><br \/>\nDie Zweckeler gingen durch ihren Kapit\u00e4n Mario Schluck neun Minuten vor der Halbzeitpause in F\u00fchrung. Praktisch mit dem Pausenpfiff kassierten die Gladbecker jedoch den 1:1-Ausgleich. Der zur Halbzeit eingewechselte Samet Varli brachte die Zweckeler jedoch nach knapp einer Stunde wieder zur\u00fcck auf die Siegerstra\u00dfe. Obwohl es f\u00fcr die Gr\u00fcnhemden in der diesj\u00e4hrigen Kreisliga-A-Saison nicht mehr um allzu viel geht, waren dies wichtige drei Punkte, um nicht m\u00f6glicherweise in das untere Tabellenmittelfeld abzurutschen.<br \/>\nIn der n\u00e4chsten Woche empf\u00e4ngt die Oberliga-Reserve den Tabellennachbarn und Bezirksliga-Absteiger SC Schaffrath. Beide Teams haben aktuell 27 Punkte auf ihrem Konto. Und somit ist f\u00fcr beide Mannschaften weder nach oben noch nach unten etwas m\u00f6glich.<\/p>\n<\/div>\n","protected":false},"excerpt":{"rendered":"<p>SuS Beckhausen &#8211; SV Zweckel II 1:2 (1:1) SV Zweckel II: Akmes, Schluck (46. Varli), Karabulut, Alkac, Lachmanski, Aldirmaz (64. Urbschat), B\u00f6ttcher, Jungnickel, Bohr, Glagla. Tore: 0:1 Schluck (36.), 1:1 (45.), 1:2 Varli (58.) Die Oberliga-Reserve des SV Zweckel siegte beim Tabellenvorletzten SuS Beckhausen mit 2:1. Nachdem die Gladbecker letzte Woche 1:1 spielten, konnten die [&hellip;]<\/p>\n","protected":false},"author":3,"featured_media":1583,"comment_status":"open","ping_status":"open","sticky":false,"template":"","format":"standard","meta":{"_jetpack_memberships_contains_paid_content":false,"footnotes":"","jetpack_publicize_message":"","jetpack_publicize_feature_enabled":true,"jetpack_social_post_already_shared":false,"jetpack_social_options":{"image_generator_settings":{"template":"highway","default_image_id":0,"font":"","enabled":false},"version":2}},"categories":[20],"tags":[],"class_list":["post-2179","post","type-post","status-publish","format-standard","has-post-thumbnail","hentry","category-2-mannschaft"],"jetpack_publicize_connections":[],"jetpack_featured_media_url":"https:\/\/i0.wp.com\/www.svzweckel.de\/wp-content\/uploads\/2014\/11\/K%C3%A4fig_Reserve.jpg?fit=800%2C451&ssl=1","jetpack_sharing_enabled":true,"_links":{"self":[{"href":"https:\/\/www.svzweckel.de\/index.php?rest_route=\/wp\/v2\/posts\/2179","targetHints":{"allow":["GET"]}}],"collection":[{"href":"https:\/\/www.svzweckel.de\/index.php?rest_route=\/wp\/v2\/posts"}],"about":[{"href":"https:\/\/www.svzweckel.de\/index.php?rest_route=\/wp\/v2\/types\/post"}],"author":[{"embeddable":true,"href":"https:\/\/www.svzweckel.de\/index.php?rest_route=\/wp\/v2\/users\/3"}],"replies":[{"embeddable":true,"href":"https:\/\/www.svzweckel.de\/index.php?rest_route=%2Fwp%2Fv2%2Fcomments&post=2179"}],"version-history":[{"count":0,"href":"https:\/\/www.svzweckel.de\/index.php?rest_route=\/wp\/v2\/posts\/2179\/revisions"}],"wp:featuredmedia":[{"embeddable":true,"href":"https:\/\/www.svzweckel.de\/index.php?rest_route=\/wp\/v2\/media\/1583"}],"wp:attachment":[{"href":"https:\/\/www.svzweckel.de\/index.php?rest_route=%2Fwp%2Fv2%2Fmedia&parent=2179"}],"wp:term":[{"taxonomy":"category","embeddable":true,"href":"https:\/\/www.svzweckel.de\/index.php?rest_route=%2Fwp%2Fv2%2Fcategories&post=2179"},{"taxonomy":"post_tag","embeddable":true,"href":"https:\/\/www.svzweckel.de\/index.php?rest_route=%2Fwp%2Fv2%2Ftags&post=2179"}],"curies":[{"name":"wp","href":"https:\/\/api.w.org\/{rel}","templated":true}]}}