{"id":2213,"date":"2015-04-07T07:42:07","date_gmt":"2015-04-07T07:42:07","guid":{"rendered":"http:\/\/www.svzweckel.de\/?p=2213"},"modified":"2015-04-07T07:42:07","modified_gmt":"2015-04-07T07:42:07","slug":"sv-zweckel-ii-sc-schaffrath-00-waz-vom-07-04-15","status":"publish","type":"post","link":"https:\/\/www.svzweckel.de\/?p=2213","title":{"rendered":"SV Zweckel II &#8211; SC Schaffrath 0:0 (WAZ vom 07.04.15)"},"content":{"rendered":"<div>SV Zweckel II: Scheuplein, Flohr, Schluck, Karabulut, Alkac, Militello, Munzert, Lachmanski, B\u00f6ttcher (83. Turhan), Bohr, Varli (52. Lenz).<\/p>\n<p>Acht gelbe Karten, zwei Platzverweise und null Tore &#8211; so lautet die Bilanz des Duells der punktgleichen grauen M\u00e4use SV Zweckel II und SC Schaffrath II. Die Kontrahenten trennten sich im K\u00e4fig an der Dorstener Stra\u00dfe mit 0:0. Die beiden Ampelkarten kassierten zwei Spieler der G\u00e4ste.<br \/>\nTabellenrang neun f\u00fcr SVZ II<\/p>\n<p>Nach dem Duell haben die Gr\u00fcnhemden nun 28 Z\u00e4hler auf dem Konto. Die sieben Unentschieden sind Ligah\u00f6chstwert. Bei ebenfalls sieben Siegen und sechs Niederlagen ist nicht mehr drin f\u00fcr die Zweckeler Reserve als ein trister neunter Tabellenrang.<\/p>\n<p>In der n\u00e4chsten Woche muss die Zweckeler Mannschaft von S\u00f6ren Sch\u00fcrer und Boris Crevatin nun beim derzeit sehr formstarken Stadtrivalen BV Rentfort an der Hegestra\u00dfe ran.<\/p><\/div>\n","protected":false},"excerpt":{"rendered":"<p>SV Zweckel II: Scheuplein, Flohr, Schluck, Karabulut, Alkac, Militello, Munzert, Lachmanski, B\u00f6ttcher (83. Turhan), Bohr, Varli (52. Lenz). Acht gelbe Karten, zwei Platzverweise und null Tore &#8211; so lautet die Bilanz des Duells der punktgleichen grauen M\u00e4use SV Zweckel II und SC Schaffrath II. Die Kontrahenten trennten sich im K\u00e4fig an der Dorstener Stra\u00dfe mit [&hellip;]<\/p>\n","protected":false},"author":3,"featured_media":2073,"comment_status":"open","ping_status":"open","sticky":false,"template":"","format":"standard","meta":{"_jetpack_memberships_contains_paid_content":false,"footnotes":"","jetpack_publicize_message":"","jetpack_publicize_feature_enabled":true,"jetpack_social_post_already_shared":false,"jetpack_social_options":{"image_generator_settings":{"template":"highway","default_image_id":0,"font":"","enabled":false},"version":2}},"categories":[20],"tags":[],"class_list":["post-2213","post","type-post","status-publish","format-standard","has-post-thumbnail","hentry","category-2-mannschaft"],"jetpack_publicize_connections":[],"jetpack_featured_media_url":"https:\/\/i0.wp.com\/www.svzweckel.de\/wp-content\/uploads\/2015\/03\/K%C3%A4fig.jpg?fit=800%2C451&ssl=1","jetpack_sharing_enabled":true,"_links":{"self":[{"href":"https:\/\/www.svzweckel.de\/index.php?rest_route=\/wp\/v2\/posts\/2213","targetHints":{"allow":["GET"]}}],"collection":[{"href":"https:\/\/www.svzweckel.de\/index.php?rest_route=\/wp\/v2\/posts"}],"about":[{"href":"https:\/\/www.svzweckel.de\/index.php?rest_route=\/wp\/v2\/types\/post"}],"author":[{"embeddable":true,"href":"https:\/\/www.svzweckel.de\/index.php?rest_route=\/wp\/v2\/users\/3"}],"replies":[{"embeddable":true,"href":"https:\/\/www.svzweckel.de\/index.php?rest_route=%2Fwp%2Fv2%2Fcomments&post=2213"}],"version-history":[{"count":0,"href":"https:\/\/www.svzweckel.de\/index.php?rest_route=\/wp\/v2\/posts\/2213\/revisions"}],"wp:featuredmedia":[{"embeddable":true,"href":"https:\/\/www.svzweckel.de\/index.php?rest_route=\/wp\/v2\/media\/2073"}],"wp:attachment":[{"href":"https:\/\/www.svzweckel.de\/index.php?rest_route=%2Fwp%2Fv2%2Fmedia&parent=2213"}],"wp:term":[{"taxonomy":"category","embeddable":true,"href":"https:\/\/www.svzweckel.de\/index.php?rest_route=%2Fwp%2Fv2%2Fcategories&post=2213"},{"taxonomy":"post_tag","embeddable":true,"href":"https:\/\/www.svzweckel.de\/index.php?rest_route=%2Fwp%2Fv2%2Ftags&post=2213"}],"curies":[{"name":"wp","href":"https:\/\/api.w.org\/{rel}","templated":true}]}}