{"id":2221,"date":"2015-04-07T10:31:39","date_gmt":"2015-04-07T10:31:39","guid":{"rendered":"http:\/\/www.svzweckel.de\/?p=2221"},"modified":"2015-04-07T10:33:18","modified_gmt":"2015-04-07T10:33:18","slug":"schwere-aufgabe-fuer-die-reserve-in-rentfort","status":"publish","type":"post","link":"https:\/\/www.svzweckel.de\/?p=2221","title":{"rendered":"Schwere Aufgabe f\u00fcr die Reserve in Rentfort"},"content":{"rendered":"<p><strong>12.04.2015, 15:00 Uhr: BV Rentfort &#8211; SV Zweckel II<\/strong><\/p>\n<p>Die Zweite steht am Sonntag vor einer echten Herausforderung. Auf dem Kunstrasenplatz an der Hegestra\u00dfe treffen die Zweckeler auf ambitionierte Rentforter, die in dieser Saison zu sp\u00e4t in Tritt gekommen sind, um die Tabellenspitze noch angreifen zu k\u00f6nnen. Der SVZ d\u00fcmpelt im Mittelfeld der Kreisliga A und wird vermutlich auch mit dem Abstieg nichts zu tun haben. Doch in einem Derby gelten bekannterma\u00dfen andere Gesetze, weshalb die Partie sicherlich Spannung versprechen k\u00f6nnte. Vom Papier her ist der BV Rentfort sicher haushoher Favorit, auch weil die letzten Ergebnisse mehr als deutlich ausgefallen sind und die Form stetig nach oben zeigte. Die Zweckeler sind jedoch immer wieder f\u00fcr eine \u00dcberraschung gut und S\u00f6ren Sch\u00fcrer wird trotz personeller Probleme hoffentlich eine konkurrenzf\u00e4hige Mannschaft auf den Platz schicken.<\/p>\n","protected":false},"excerpt":{"rendered":"<p>12.04.2015, 15:00 Uhr: BV Rentfort &#8211; SV Zweckel II Die Zweite steht am Sonntag vor einer echten Herausforderung. Auf dem Kunstrasenplatz an der Hegestra\u00dfe treffen die Zweckeler auf ambitionierte Rentforter, die in dieser Saison zu sp\u00e4t in Tritt gekommen sind, um die Tabellenspitze noch angreifen zu k\u00f6nnen. Der SVZ d\u00fcmpelt im Mittelfeld der Kreisliga A [&hellip;]<\/p>\n","protected":false},"author":3,"featured_media":823,"comment_status":"open","ping_status":"open","sticky":false,"template":"","format":"standard","meta":{"_jetpack_memberships_contains_paid_content":false,"footnotes":"","jetpack_publicize_message":"","jetpack_publicize_feature_enabled":true,"jetpack_social_post_already_shared":false,"jetpack_social_options":{"image_generator_settings":{"template":"highway","default_image_id":0,"font":"","enabled":false},"version":2}},"categories":[20],"tags":[],"class_list":["post-2221","post","type-post","status-publish","format-standard","has-post-thumbnail","hentry","category-2-mannschaft"],"jetpack_publicize_connections":[],"jetpack_featured_media_url":"https:\/\/i0.wp.com\/www.svzweckel.de\/wp-content\/uploads\/2014\/09\/K%C3%A4fig.jpg?fit=800%2C451&ssl=1","jetpack_sharing_enabled":true,"_links":{"self":[{"href":"https:\/\/www.svzweckel.de\/index.php?rest_route=\/wp\/v2\/posts\/2221","targetHints":{"allow":["GET"]}}],"collection":[{"href":"https:\/\/www.svzweckel.de\/index.php?rest_route=\/wp\/v2\/posts"}],"about":[{"href":"https:\/\/www.svzweckel.de\/index.php?rest_route=\/wp\/v2\/types\/post"}],"author":[{"embeddable":true,"href":"https:\/\/www.svzweckel.de\/index.php?rest_route=\/wp\/v2\/users\/3"}],"replies":[{"embeddable":true,"href":"https:\/\/www.svzweckel.de\/index.php?rest_route=%2Fwp%2Fv2%2Fcomments&post=2221"}],"version-history":[{"count":0,"href":"https:\/\/www.svzweckel.de\/index.php?rest_route=\/wp\/v2\/posts\/2221\/revisions"}],"wp:featuredmedia":[{"embeddable":true,"href":"https:\/\/www.svzweckel.de\/index.php?rest_route=\/wp\/v2\/media\/823"}],"wp:attachment":[{"href":"https:\/\/www.svzweckel.de\/index.php?rest_route=%2Fwp%2Fv2%2Fmedia&parent=2221"}],"wp:term":[{"taxonomy":"category","embeddable":true,"href":"https:\/\/www.svzweckel.de\/index.php?rest_route=%2Fwp%2Fv2%2Fcategories&post=2221"},{"taxonomy":"post_tag","embeddable":true,"href":"https:\/\/www.svzweckel.de\/index.php?rest_route=%2Fwp%2Fv2%2Ftags&post=2221"}],"curies":[{"name":"wp","href":"https:\/\/api.w.org\/{rel}","templated":true}]}}