{"id":2224,"date":"2015-04-11T07:42:10","date_gmt":"2015-04-11T07:42:10","guid":{"rendered":"http:\/\/www.svzweckel.de\/?p=2224"},"modified":"2015-04-11T13:24:58","modified_gmt":"2015-04-11T13:24:58","slug":"talent-tomanek-will-beim-sv-zweckel-durchstarten-waz-vom-09-04-15","status":"publish","type":"post","link":"https:\/\/www.svzweckel.de\/?p=2224","title":{"rendered":"Talent Tomanek will beim SV Zweckel durchstarten (WAZ vom 09.04.15)"},"content":{"rendered":"<div>In der A-Jugend des SV Zweckel ist Lukas Tomanek (gr\u00fcn) eindeutig der Chef im Ring.Foto: Joachim Kleine-B\u00fcningGladbeck. Ein Lichtblick beim SV Zweckel: Das 19-j\u00e4hrige Talent Lukas Tomanek wusste zuletzt beim Schlusslicht der Oberliga zu gefallen.Mit positiven sportlichen Nachrichten konnte Fu\u00dfball-Oberligist SV Zweckel in den vergangenen Wochen und Monaten nicht gerade aufwarten. Die Gladbecker kassierten j\u00fcngst f\u00fcnf Niederlagen in Folge und sind auf den letzten Tabellenplatz abgerutscht. Immerhin: In Lukas Tomanek machte ein 19-J\u00e4hriger zuletzt mit guten Leistungen auf sich aufmerksam.Sonntag, 12. Oktober 2014: Diesen Tag wird Lukas Tomanek wohl noch lange in Erinnerung behalten. Der Kapit\u00e4n der A-Junioren des SV Zweckel wurde von G\u00fcnter Appelt, dem Trainer der Oberliga-Auswahl, im Meisterschaftsspiel gegen den VfB H\u00fcls ins Rennen geschickt. Mittlerweile stehen f\u00fcr Tomanek sechs Eins\u00e4tze in der ersten Mannschaft des SVZ zu Buche, dreimal stand er sogar schon in der Startformation. Auch am Ostermontag lief er f\u00fcr die Gladbecker im Spiel bei Spitzenreiter TuS Erndtebr\u00fcck auf.<\/p>\n<p>In der Jugend kickte Lukas Tomanek f\u00fcr den TSV Marl-H\u00fcls und den VfL Bochum, ehe er 2013 zum SV Zweckel wechselte. \u201eEs war meine Abi-Phase\u201c, so das Talent, \u201eund da wollte ich mit dem Fu\u00dfball etwas k\u00fcrzer treten. Trotzdem sollte es, wie ich es gewohnt war, Fu\u00dfball als Leistungssport sein. Das klappte beim SV Zweckel optimal.\u201c<\/p>\n<p>Lukas Tomanek ist sehr gl\u00fccklich \u00fcber seine Situation und m\u00f6chte, besonders ab der n\u00e4chsten Saison, weiter Spielzeit in der Ersten sammeln: \u201eDie Perspektive, Oberliga zu spielen, ist f\u00fcr mich klar und ich gehe auch davon aus, dass es klappen wird. Zumal ich glaube, dass wir die Klasse halten werden.\u201c Er wolle gerne beim SV Zweckel bleiben, so der Torj\u00e4ger der A-Junioren.<\/p>\n<p>G\u00fcnter Appelt traut Lukas Tomanek einiges zu. \u201eEr hat die Perspektive, sich in Zukunft durchzusetzen.\u201c Der Trainer der Oberliga-Auswahl beschreibt Tomanek als sehr willensstarken Akteur mit guter Veranlagung: \u201eEr ist ein sehr kampfstarker Spieler mit gro\u00dfem Einsatzwillen. Ein gewisses Talent bringt er nat\u00fcrlich auch mit. Ich sch\u00e4tze au\u00dferdem besonders seine Art. Er h\u00f6rt zu und er versucht, die angesprochenen Dinge umzusetzen. In Zukunft wird er noch positive Schlagzeilen machen.\u201c Schwachpunkte hat Appelt aber auch ausgemacht: \u201eAm Passspiel und an seiner Antrittsschnelligkeit muss Lukas noch arbeiten.\u201c<br \/>\nEin Spieler mit Selbstbewusstsein<\/p>\n<p>Wie sieht sich Tomanek eigentlich selbst als Kicker und Spielertyp? \u201eIch gebe immer 100 Prozent auf dem Platz. Zudem glaube ich, dass man mit mir gut umgehen kann. Mir kann man vertrauen und ich schaffe es immer gut, zwischen Trainer und Spielern zu vermitteln. Ich bin auch gerne ein Spieler, der das Sagen auf dem Platz hat. Das ist nat\u00fcrlich am Anfang im Oberliga-Kader nicht m\u00f6glich.\u201c<\/p>\n<p>Tomanek weist zudem darauf hin, dass es ein riesiger Sprung sei von der Kreisjugendliga A der A-Junioren in die Oberliga der Senioren. \u201eDas Spiel\u201c, sagt der Nachwuchsmann des SV Zweckel, \u201eist viel robuster und deutlich schneller. Nat\u00fcrlich fehlt mir die Erfahrung, aber durch das gute Training lerne ich von Tag zu Tag.\u201c<\/p>\n<p>Lukas Tomanek, der in der laufenden Meisterschaftsrunde mit den A-Junioren des SV Zweckel noch in die Bezirksliga aufsteigen kann und will, w\u00fcnscht sich f\u00fcr die Zukunft weitere Einsatzminuten in der Erstvertretung des SV Zweckel. Er hofft, sich dort auf langfristige Sicht durchsetzen zu k\u00f6nnen. Das notwendige Selbstbewusstsein bringt er auf jeden Fall mit, wie seine abschlie\u00dfende Frage eindrucksvoll beweist: \u201eWer m\u00f6chte nicht einmal Kapit\u00e4n eines Oberliga-Teams sein?\u201c<\/p>\n<\/div>\n","protected":false},"excerpt":{"rendered":"<p>In der A-Jugend des SV Zweckel ist Lukas Tomanek (gr\u00fcn) eindeutig der Chef im Ring.Foto: Joachim Kleine-B\u00fcningGladbeck. Ein Lichtblick beim SV Zweckel: Das 19-j\u00e4hrige Talent Lukas Tomanek wusste zuletzt beim Schlusslicht der Oberliga zu gefallen.Mit positiven sportlichen Nachrichten konnte Fu\u00dfball-Oberligist SV Zweckel in den vergangenen Wochen und Monaten nicht gerade aufwarten. Die Gladbecker kassierten j\u00fcngst [&hellip;]<\/p>\n","protected":false},"author":3,"featured_media":2226,"comment_status":"open","ping_status":"open","sticky":false,"template":"","format":"standard","meta":{"_jetpack_memberships_contains_paid_content":false,"footnotes":"","jetpack_publicize_message":"","jetpack_publicize_feature_enabled":true,"jetpack_social_post_already_shared":false,"jetpack_social_options":{"image_generator_settings":{"template":"highway","default_image_id":0,"font":"","enabled":false},"version":2}},"categories":[10],"tags":[],"class_list":["post-2224","post","type-post","status-publish","format-standard","has-post-thumbnail","hentry","category-nachwuchs"],"jetpack_publicize_connections":[],"jetpack_featured_media_url":"https:\/\/i0.wp.com\/www.svzweckel.de\/wp-content\/uploads\/2015\/04\/Tomanek.jpg?fit=616%2C225&ssl=1","jetpack_sharing_enabled":true,"_links":{"self":[{"href":"https:\/\/www.svzweckel.de\/index.php?rest_route=\/wp\/v2\/posts\/2224","targetHints":{"allow":["GET"]}}],"collection":[{"href":"https:\/\/www.svzweckel.de\/index.php?rest_route=\/wp\/v2\/posts"}],"about":[{"href":"https:\/\/www.svzweckel.de\/index.php?rest_route=\/wp\/v2\/types\/post"}],"author":[{"embeddable":true,"href":"https:\/\/www.svzweckel.de\/index.php?rest_route=\/wp\/v2\/users\/3"}],"replies":[{"embeddable":true,"href":"https:\/\/www.svzweckel.de\/index.php?rest_route=%2Fwp%2Fv2%2Fcomments&post=2224"}],"version-history":[{"count":0,"href":"https:\/\/www.svzweckel.de\/index.php?rest_route=\/wp\/v2\/posts\/2224\/revisions"}],"wp:featuredmedia":[{"embeddable":true,"href":"https:\/\/www.svzweckel.de\/index.php?rest_route=\/wp\/v2\/media\/2226"}],"wp:attachment":[{"href":"https:\/\/www.svzweckel.de\/index.php?rest_route=%2Fwp%2Fv2%2Fmedia&parent=2224"}],"wp:term":[{"taxonomy":"category","embeddable":true,"href":"https:\/\/www.svzweckel.de\/index.php?rest_route=%2Fwp%2Fv2%2Fcategories&post=2224"},{"taxonomy":"post_tag","embeddable":true,"href":"https:\/\/www.svzweckel.de\/index.php?rest_route=%2Fwp%2Fv2%2Ftags&post=2224"}],"curies":[{"name":"wp","href":"https:\/\/api.w.org\/{rel}","templated":true}]}}