{"id":2297,"date":"2015-04-17T09:52:28","date_gmt":"2015-04-17T09:52:28","guid":{"rendered":"http:\/\/www.svzweckel.de\/?p=2297"},"modified":"2015-04-17T11:29:13","modified_gmt":"2015-04-17T11:29:13","slug":"2004er-ziehen-in-das-kreispokal-halbfinale-ein","status":"publish","type":"post","link":"https:\/\/www.svzweckel.de\/?p=2297","title":{"rendered":"2004er ziehen in das Kreispokal Halbfinale ein"},"content":{"rendered":"<p>Der SV Zweckel erreicht durch einen verdienten 3:1 Sieg nach Verl\u00e4ngerung das Halbfinale im Kreispokal. In einem spannenden Viertelfinalkrimi duellierten sich die Gr\u00fcnhemden mit He\u00dfler 06 auf Augenh\u00f6he.<\/p>\n<p>Zweckel startete gut in die Partie. Von der ersten Minute an wollte man keinen Meter des guten Rasens in He\u00dfler verloren geben. Somit spielte sich die erste Halbzeit vornehmlich in der H\u00e4lfte des Gegners ab. Es dauerte bis zur 18. Minute, bis Lenny Theis nach tollem Doppelpass mit Mads Liedmeier das 1:0 erzielen konnte. Unser Team zog sich nach dem F\u00fchrungstreffer ein wenig zur\u00fcck und He\u00dfler bekam immer mehr Spielanteile, ohne allerdings Gefahr vor dem Tor von Josefine Osigus zu entfachen. Somit ging es mit einer knappen 1:0 F\u00fchrung in die Halbzeit. Nach der Halbzeit ging es so weiter, He\u00dfler dr\u00fcckte und Zweckel versuchte zu kontern. Lange Zeit hielt das Abwehrbollwerk um den \u00fcberragenden Henrik Dier, doch ein Freisto\u00df von der Mittellinie verursachte den 1:1 Ausgleichstreffer. Somit kam es zu einer Verl\u00e4ngerung. 2 x 5 Minuten mu\u00dften also entscheiden, ob das Spiel ins Neunmeterschie\u00dfen geht, oder nicht.<\/p>\n<p>Zweckel legte los wie die Feuerwehr, man wollte das Spiel unbedingt in der Verl\u00e4ngerung entscheiden. Nach einer tollen Ecke von Kevin Kanke , schraubte sich Fabian Anlauf am langen Pfosten in die Luft und k\u00f6pfte den vielumjubelten F\u00fchrungstreffer. Jetzt nicht wieder zur\u00fcck ziehen, sondern weitermachen, so die Devise der beiden Trainer Marcel Ofiera und Maurice Ogaza, die die Mannschaft wirklich klasse eingestellt hatten. Eine tolle Einzelleistung von Kevin Kanke , mit einem trockenen Abschlu\u00df, sorgte f\u00fcr die 3:1 Entscheidung.<\/p>\n<p>Es war der erwartet schwere Pokalfight. Ganz gro\u00dfes Lob an Hesslers Trainer Christian Dirszus f\u00fcr die gute Mannschaft die er in den letzten Jahren entwickelt hat.<\/p>\n<p>Aber auch noch einmal ein riesen Lob an unsere Jungs, die von der 1. Minute an hellwach waren, immer bereit den einen Schritt mehr zu gehen. Es war einfach eine tolle Mannschaftsleistung, die wieder einmal unterstrich, dass E1 und E3 wunderbar zusammengewachsen sind.<\/p>\n<p>Im Halbfinale m\u00fcssen die Gr\u00fcnhemden zu BW Gelsenkirchen, die den BV Rentfort mit 6:2 besiegen konnten. Die Partie findet voraussichtlich am 07.05.2015 um 18:00 Uhr in Gelsenkirchen statt.<\/p>\n<p>F\u00fcr den Sv Zweckel spielten: Josefine Osigus, Fabian Anlauf, Timo Zacharias, Julian Twardowski, Henrik Dier, Lenny Theis, Malte Kulmer, Burak G\u00fcnes, Kevin Kanke, Lukas Bergmann und Mads Liedmeier.<\/p>\n","protected":false},"excerpt":{"rendered":"<p>Der SV Zweckel erreicht durch einen verdienten 3:1 Sieg nach Verl\u00e4ngerung das Halbfinale im Kreispokal. In einem spannenden Viertelfinalkrimi duellierten sich die Gr\u00fcnhemden mit He\u00dfler 06 auf Augenh\u00f6he. Zweckel startete gut in die Partie. Von der ersten Minute an wollte man keinen Meter des guten Rasens in He\u00dfler verloren geben. Somit spielte sich die erste [&hellip;]<\/p>\n","protected":false},"author":3,"featured_media":2302,"comment_status":"open","ping_status":"open","sticky":false,"template":"","format":"standard","meta":{"_jetpack_memberships_contains_paid_content":false,"footnotes":"","jetpack_publicize_message":"","jetpack_publicize_feature_enabled":true,"jetpack_social_post_already_shared":false,"jetpack_social_options":{"image_generator_settings":{"template":"highway","default_image_id":0,"font":"","enabled":false},"version":2}},"categories":[1],"tags":[],"class_list":["post-2297","post","type-post","status-publish","format-standard","has-post-thumbnail","hentry","category-uncategorized"],"jetpack_publicize_connections":[],"jetpack_featured_media_url":"https:\/\/i0.wp.com\/www.svzweckel.de\/wp-content\/uploads\/2015\/04\/IMG-20150330-WA0001.jpg?fit=800%2C450&ssl=1","jetpack_sharing_enabled":true,"_links":{"self":[{"href":"https:\/\/www.svzweckel.de\/index.php?rest_route=\/wp\/v2\/posts\/2297","targetHints":{"allow":["GET"]}}],"collection":[{"href":"https:\/\/www.svzweckel.de\/index.php?rest_route=\/wp\/v2\/posts"}],"about":[{"href":"https:\/\/www.svzweckel.de\/index.php?rest_route=\/wp\/v2\/types\/post"}],"author":[{"embeddable":true,"href":"https:\/\/www.svzweckel.de\/index.php?rest_route=\/wp\/v2\/users\/3"}],"replies":[{"embeddable":true,"href":"https:\/\/www.svzweckel.de\/index.php?rest_route=%2Fwp%2Fv2%2Fcomments&post=2297"}],"version-history":[{"count":0,"href":"https:\/\/www.svzweckel.de\/index.php?rest_route=\/wp\/v2\/posts\/2297\/revisions"}],"wp:featuredmedia":[{"embeddable":true,"href":"https:\/\/www.svzweckel.de\/index.php?rest_route=\/wp\/v2\/media\/2302"}],"wp:attachment":[{"href":"https:\/\/www.svzweckel.de\/index.php?rest_route=%2Fwp%2Fv2%2Fmedia&parent=2297"}],"wp:term":[{"taxonomy":"category","embeddable":true,"href":"https:\/\/www.svzweckel.de\/index.php?rest_route=%2Fwp%2Fv2%2Fcategories&post=2297"},{"taxonomy":"post_tag","embeddable":true,"href":"https:\/\/www.svzweckel.de\/index.php?rest_route=%2Fwp%2Fv2%2Ftags&post=2297"}],"curies":[{"name":"wp","href":"https:\/\/api.w.org\/{rel}","templated":true}]}}