{"id":2311,"date":"2015-04-17T13:14:58","date_gmt":"2015-04-17T13:14:58","guid":{"rendered":"http:\/\/www.svzweckel.de\/?p=2311"},"modified":"2015-04-17T13:14:58","modified_gmt":"2015-04-17T13:14:58","slug":"personelle-probleme-der-zweiten-auch-in-hassel","status":"publish","type":"post","link":"https:\/\/www.svzweckel.de\/?p=2311","title":{"rendered":"Personelle Probleme der Zweiten auch in Hassel"},"content":{"rendered":"<p><strong>Sonntag, 19.04.15, 13:15 Uhr: YEG Hassel II &#8211; SV Zweckel II<\/strong><\/p>\n<p>Auf die Zweite wartet weiderum eine schwierige Aufgabe bei YEG Hassel. WEnn auch die Gastgeber auf dem drittletzten Tabellenplatz rangieren, haben sie in der laufenden R\u00fcckrunde schon einige Punkte eingefahren, zuletzt in Schaffrath, wo sie mit 1:3 die Oberhand behielten.<\/p>\n<p>Die personelle Situation der Reserve hat sich noch nicht entspannt, so dass das Trainergespann Sch\u00fcrer\/Crevatin noch einge \u00dcberlegungen anstellen muss, um eine schlagkr\u00e4ftige Truppe aufstellung zu k\u00f6nnen.<\/p>\n","protected":false},"excerpt":{"rendered":"<p>Sonntag, 19.04.15, 13:15 Uhr: YEG Hassel II &#8211; SV Zweckel II Auf die Zweite wartet weiderum eine schwierige Aufgabe bei YEG Hassel. WEnn auch die Gastgeber auf dem drittletzten Tabellenplatz rangieren, haben sie in der laufenden R\u00fcckrunde schon einige Punkte eingefahren, zuletzt in Schaffrath, wo sie mit 1:3 die Oberhand behielten. Die personelle Situation der [&hellip;]<\/p>\n","protected":false},"author":3,"featured_media":1583,"comment_status":"open","ping_status":"open","sticky":false,"template":"","format":"standard","meta":{"_jetpack_memberships_contains_paid_content":false,"footnotes":"","jetpack_publicize_message":"","jetpack_publicize_feature_enabled":true,"jetpack_social_post_already_shared":false,"jetpack_social_options":{"image_generator_settings":{"template":"highway","default_image_id":0,"font":"","enabled":false},"version":2}},"categories":[20,1],"tags":[],"class_list":["post-2311","post","type-post","status-publish","format-standard","has-post-thumbnail","hentry","category-2-mannschaft","category-uncategorized"],"jetpack_publicize_connections":[],"jetpack_featured_media_url":"https:\/\/i0.wp.com\/www.svzweckel.de\/wp-content\/uploads\/2014\/11\/K%C3%A4fig_Reserve.jpg?fit=800%2C451&ssl=1","jetpack_sharing_enabled":true,"_links":{"self":[{"href":"https:\/\/www.svzweckel.de\/index.php?rest_route=\/wp\/v2\/posts\/2311","targetHints":{"allow":["GET"]}}],"collection":[{"href":"https:\/\/www.svzweckel.de\/index.php?rest_route=\/wp\/v2\/posts"}],"about":[{"href":"https:\/\/www.svzweckel.de\/index.php?rest_route=\/wp\/v2\/types\/post"}],"author":[{"embeddable":true,"href":"https:\/\/www.svzweckel.de\/index.php?rest_route=\/wp\/v2\/users\/3"}],"replies":[{"embeddable":true,"href":"https:\/\/www.svzweckel.de\/index.php?rest_route=%2Fwp%2Fv2%2Fcomments&post=2311"}],"version-history":[{"count":0,"href":"https:\/\/www.svzweckel.de\/index.php?rest_route=\/wp\/v2\/posts\/2311\/revisions"}],"wp:featuredmedia":[{"embeddable":true,"href":"https:\/\/www.svzweckel.de\/index.php?rest_route=\/wp\/v2\/media\/1583"}],"wp:attachment":[{"href":"https:\/\/www.svzweckel.de\/index.php?rest_route=%2Fwp%2Fv2%2Fmedia&parent=2311"}],"wp:term":[{"taxonomy":"category","embeddable":true,"href":"https:\/\/www.svzweckel.de\/index.php?rest_route=%2Fwp%2Fv2%2Fcategories&post=2311"},{"taxonomy":"post_tag","embeddable":true,"href":"https:\/\/www.svzweckel.de\/index.php?rest_route=%2Fwp%2Fv2%2Ftags&post=2311"}],"curies":[{"name":"wp","href":"https:\/\/api.w.org\/{rel}","templated":true}]}}