{"id":2533,"date":"2015-04-29T08:06:16","date_gmt":"2015-04-29T08:06:16","guid":{"rendered":"http:\/\/www.svzweckel.de\/?p=2533"},"modified":"2015-04-29T08:06:16","modified_gmt":"2015-04-29T08:06:16","slug":"fussballkindergarten-oeffnet-seine-pforten","status":"publish","type":"post","link":"https:\/\/www.svzweckel.de\/?p=2533","title":{"rendered":"Fu\u00dfballkindergarten \u00f6ffnet seine Pforten!"},"content":{"rendered":"<p>Der Fu\u00dfballkindergarten des SV Zweckel 23 e.V. \u00f6ffnet seine Pforten und sucht f\u00fcr die kommende Saison wieder den j\u00fcngsten Nachwuchs.<\/p>\n<p>Die Trainerin Nadja Theis nimmt ab sofort Anmeldungen entgegen.<\/p>\n<p>Begrenzte Teilnehmerzahl!<\/p>\n<p>Kontakt:<\/p>\n<p>Nadja Theis \u00a00172\/5899383<\/p>\n","protected":false},"excerpt":{"rendered":"<p>Der Fu\u00dfballkindergarten des SV Zweckel 23 e.V. \u00f6ffnet seine Pforten und sucht f\u00fcr die kommende Saison wieder den j\u00fcngsten Nachwuchs. Die Trainerin Nadja Theis nimmt ab sofort Anmeldungen entgegen. Begrenzte Teilnehmerzahl! Kontakt: Nadja Theis \u00a00172\/5899383<\/p>\n","protected":false},"author":3,"featured_media":2476,"comment_status":"open","ping_status":"open","sticky":false,"template":"","format":"standard","meta":{"_jetpack_memberships_contains_paid_content":false,"footnotes":"","jetpack_publicize_message":"","jetpack_publicize_feature_enabled":true,"jetpack_social_post_already_shared":false,"jetpack_social_options":{"image_generator_settings":{"template":"highway","default_image_id":0,"font":"","enabled":false},"version":2}},"categories":[10],"tags":[],"class_list":["post-2533","post","type-post","status-publish","format-standard","has-post-thumbnail","hentry","category-nachwuchs"],"jetpack_publicize_connections":[],"jetpack_featured_media_url":"https:\/\/i0.wp.com\/www.svzweckel.de\/wp-content\/uploads\/2014\/08\/10405481_494345147398621_2661058454516979020_n.jpg?fit=800%2C533&ssl=1","jetpack_sharing_enabled":true,"_links":{"self":[{"href":"https:\/\/www.svzweckel.de\/index.php?rest_route=\/wp\/v2\/posts\/2533","targetHints":{"allow":["GET"]}}],"collection":[{"href":"https:\/\/www.svzweckel.de\/index.php?rest_route=\/wp\/v2\/posts"}],"about":[{"href":"https:\/\/www.svzweckel.de\/index.php?rest_route=\/wp\/v2\/types\/post"}],"author":[{"embeddable":true,"href":"https:\/\/www.svzweckel.de\/index.php?rest_route=\/wp\/v2\/users\/3"}],"replies":[{"embeddable":true,"href":"https:\/\/www.svzweckel.de\/index.php?rest_route=%2Fwp%2Fv2%2Fcomments&post=2533"}],"version-history":[{"count":0,"href":"https:\/\/www.svzweckel.de\/index.php?rest_route=\/wp\/v2\/posts\/2533\/revisions"}],"wp:featuredmedia":[{"embeddable":true,"href":"https:\/\/www.svzweckel.de\/index.php?rest_route=\/wp\/v2\/media\/2476"}],"wp:attachment":[{"href":"https:\/\/www.svzweckel.de\/index.php?rest_route=%2Fwp%2Fv2%2Fmedia&parent=2533"}],"wp:term":[{"taxonomy":"category","embeddable":true,"href":"https:\/\/www.svzweckel.de\/index.php?rest_route=%2Fwp%2Fv2%2Fcategories&post=2533"},{"taxonomy":"post_tag","embeddable":true,"href":"https:\/\/www.svzweckel.de\/index.php?rest_route=%2Fwp%2Fv2%2Ftags&post=2533"}],"curies":[{"name":"wp","href":"https:\/\/api.w.org\/{rel}","templated":true}]}}