{"id":2535,"date":"2015-04-30T12:59:02","date_gmt":"2015-04-30T12:59:02","guid":{"rendered":"http:\/\/www.svzweckel.de\/?p=2535"},"modified":"2015-04-30T13:07:28","modified_gmt":"2015-04-30T13:07:28","slug":"2-mannschaft-spiel-eins-nach-dem-trainerwechsel","status":"publish","type":"post","link":"https:\/\/www.svzweckel.de\/?p=2535","title":{"rendered":"2.Mannschaft &#8211; Spiel eins nach dem Trainerwechsel"},"content":{"rendered":"<p>Am Dienstag Abend fuhr die Zweitvertretung des SV Zweckel zu einem Freundschaftsspiel zu Schwarz-Blau Gladbeck. Der Anpfiff erfolgte p\u00fcnktlich um 19:30 Uhr und der Ball rollte. Die Zweckler begannen von Anfang an druckvoll und lie\u00dfen dem Gegner wenig Luft zum durchatmen. So kam es innerhalb der ersten 15 Minuten zu einigen guten Chancen f\u00fcr den SVZ. Der Ball lief gut und man tastete sich langsam ans gegnerische Tor heran. Jungnickel, Flohr, Alkac und Calik verpassten die ersten Chancen. Der schwarz-blaue Torh\u00fcter zeichnete sich in dieser Phase direkt mehrmals durch souver\u00e4nes Torwartspiel aus. In der 23. Minute kam Schwarz-Blau das erste Mal vor die Zweckeler Bude in der aber ein gut vorbereiteter Akmes stand. Im direkten Gegenzug (24. Minute) fiel dann das 0:1 f\u00fcr die G\u00e4ste. Langer Ball, Flohr mit guter Vorarbeit und Calik mit einem sehenswerten Abschlu\u00df. Schwarz-Blau spielte weiter munter auf und kam in der folge zu der einen oder anderen Torchance. In der 32. Minute war es Jungnickel der den Ball durch die Schnittstelle schob. Alkac stand pl\u00f6tzlich frei vorm Keeper, Haken, drin dat Ding. 0:2. Mit einem 0:2 ging es in die Halbzeit.<\/p>\n<p>Nach dem Seitenwechsel schnappte sich Alkac das Leder in der 49. Minute und brachte eine Vorlage an die F\u00fcnferecke&#8230;..Karaca mit einem Absatzkick&#8230;..0:3&#8230;..ein wundersch\u00f6nes Tor. Auch Schwarz-Blau gab nicht auf und pr\u00fcfte Akmes. In der 55. Minute musste Akmes mit einer Glanzparade sein K\u00f6nnen zeigen. Danach verlief das Spiel ruhig mit tollen Kombinationen beider Teams. H\u00f6hepunkte kamen aber nicht mehr zu Stande.<\/p>\n<p>&nbsp;<\/p>\n<p>Alles in allem ein zufriedenstellendes Ergebnis f\u00fcr den SV Zweckel.<\/p>\n","protected":false},"excerpt":{"rendered":"<p>Am Dienstag Abend fuhr die Zweitvertretung des SV Zweckel zu einem Freundschaftsspiel zu Schwarz-Blau Gladbeck. Der Anpfiff erfolgte p\u00fcnktlich um 19:30 Uhr und der Ball rollte. Die Zweckler begannen von Anfang an druckvoll und lie\u00dfen dem Gegner wenig Luft zum durchatmen. So kam es innerhalb der ersten 15 Minuten zu einigen guten Chancen f\u00fcr den [&hellip;]<\/p>\n","protected":false},"author":3,"featured_media":1157,"comment_status":"open","ping_status":"open","sticky":false,"template":"","format":"standard","meta":{"_jetpack_memberships_contains_paid_content":false,"footnotes":"","jetpack_publicize_message":"","jetpack_publicize_feature_enabled":true,"jetpack_social_post_already_shared":false,"jetpack_social_options":{"image_generator_settings":{"template":"highway","default_image_id":0,"font":"","enabled":false},"version":2}},"categories":[20,18],"tags":[],"class_list":["post-2535","post","type-post","status-publish","format-standard","has-post-thumbnail","hentry","category-2-mannschaft","category-senioren"],"jetpack_publicize_connections":[],"jetpack_featured_media_url":"https:\/\/i0.wp.com\/www.svzweckel.de\/wp-content\/uploads\/2014\/07\/SV_Zweckel_2_HM-1024x568.jpg?fit=800%2C444&ssl=1","jetpack_sharing_enabled":true,"_links":{"self":[{"href":"https:\/\/www.svzweckel.de\/index.php?rest_route=\/wp\/v2\/posts\/2535","targetHints":{"allow":["GET"]}}],"collection":[{"href":"https:\/\/www.svzweckel.de\/index.php?rest_route=\/wp\/v2\/posts"}],"about":[{"href":"https:\/\/www.svzweckel.de\/index.php?rest_route=\/wp\/v2\/types\/post"}],"author":[{"embeddable":true,"href":"https:\/\/www.svzweckel.de\/index.php?rest_route=\/wp\/v2\/users\/3"}],"replies":[{"embeddable":true,"href":"https:\/\/www.svzweckel.de\/index.php?rest_route=%2Fwp%2Fv2%2Fcomments&post=2535"}],"version-history":[{"count":0,"href":"https:\/\/www.svzweckel.de\/index.php?rest_route=\/wp\/v2\/posts\/2535\/revisions"}],"wp:featuredmedia":[{"embeddable":true,"href":"https:\/\/www.svzweckel.de\/index.php?rest_route=\/wp\/v2\/media\/1157"}],"wp:attachment":[{"href":"https:\/\/www.svzweckel.de\/index.php?rest_route=%2Fwp%2Fv2%2Fmedia&parent=2535"}],"wp:term":[{"taxonomy":"category","embeddable":true,"href":"https:\/\/www.svzweckel.de\/index.php?rest_route=%2Fwp%2Fv2%2Fcategories&post=2535"},{"taxonomy":"post_tag","embeddable":true,"href":"https:\/\/www.svzweckel.de\/index.php?rest_route=%2Fwp%2Fv2%2Ftags&post=2535"}],"curies":[{"name":"wp","href":"https:\/\/api.w.org\/{rel}","templated":true}]}}