{"id":2544,"date":"2015-05-03T16:53:13","date_gmt":"2015-05-03T16:53:13","guid":{"rendered":"http:\/\/www.svzweckel.de\/?p=2544"},"modified":"2015-05-03T16:59:19","modified_gmt":"2015-05-03T16:59:19","slug":"reserve-verliert-knapp-waz-vom-03-05-15","status":"publish","type":"post","link":"https:\/\/www.svzweckel.de\/?p=2544","title":{"rendered":"Reserve verliert knapp (WAZ vom 03.05.15)"},"content":{"rendered":"<p><strong>Eintracht Erle &#8211; SV Zweckel II 5:4 (3:0)<\/strong><\/p>\n<p>Seinen Einstand als Trainer der Zweckeler Reserve hatte sich Mike Theis anders vorgestellt: \u201eWir haben das Spiel in der ersten Halbzeit verloren. Nach dem fr\u00fchen R\u00fcckstand haben die Jungs sofort die K\u00f6pfe h\u00e4ngen gelassen\u201c, so der neue SVZ-Coach, dessen Team in der achten Minute das 0:1 hinnehmen musste. Nach dem Seitenwechsel und einigen Umstellungen, die Theis vorgenommen hatte, pr\u00e4sentierten sich die Zweckeler deutlich besser. Das schlug sich auch in den Treffern von Mike Jungnickel (47., 66.), Christian B\u00f6ttcher (79.) und Emre Alkac (90.+ 1) nieder. SV Zweckel II: Akmes, Schluck, Flohr, Urbschat (46. Varli), Alkac, Dreiskemper, van der Velden (17. B\u00f6ttcher), Chang Kau (46. Capek), Jungnickel, Bohr, Calik.<\/p>\n","protected":false},"excerpt":{"rendered":"<p>Eintracht Erle &#8211; SV Zweckel II 5:4 (3:0) Seinen Einstand als Trainer der Zweckeler Reserve hatte sich Mike Theis anders vorgestellt: \u201eWir haben das Spiel in der ersten Halbzeit verloren. Nach dem fr\u00fchen R\u00fcckstand haben die Jungs sofort die K\u00f6pfe h\u00e4ngen gelassen\u201c, so der neue SVZ-Coach, dessen Team in der achten Minute das 0:1 hinnehmen [&hellip;]<\/p>\n","protected":false},"author":3,"featured_media":2073,"comment_status":"open","ping_status":"open","sticky":false,"template":"","format":"standard","meta":{"_jetpack_memberships_contains_paid_content":false,"footnotes":"","jetpack_publicize_message":"","jetpack_publicize_feature_enabled":true,"jetpack_social_post_already_shared":false,"jetpack_social_options":{"image_generator_settings":{"template":"highway","default_image_id":0,"font":"","enabled":false},"version":2}},"categories":[20],"tags":[],"class_list":["post-2544","post","type-post","status-publish","format-standard","has-post-thumbnail","hentry","category-2-mannschaft"],"jetpack_publicize_connections":[],"jetpack_featured_media_url":"https:\/\/i0.wp.com\/www.svzweckel.de\/wp-content\/uploads\/2015\/03\/K%C3%A4fig.jpg?fit=800%2C451&ssl=1","jetpack_sharing_enabled":true,"_links":{"self":[{"href":"https:\/\/www.svzweckel.de\/index.php?rest_route=\/wp\/v2\/posts\/2544","targetHints":{"allow":["GET"]}}],"collection":[{"href":"https:\/\/www.svzweckel.de\/index.php?rest_route=\/wp\/v2\/posts"}],"about":[{"href":"https:\/\/www.svzweckel.de\/index.php?rest_route=\/wp\/v2\/types\/post"}],"author":[{"embeddable":true,"href":"https:\/\/www.svzweckel.de\/index.php?rest_route=\/wp\/v2\/users\/3"}],"replies":[{"embeddable":true,"href":"https:\/\/www.svzweckel.de\/index.php?rest_route=%2Fwp%2Fv2%2Fcomments&post=2544"}],"version-history":[{"count":0,"href":"https:\/\/www.svzweckel.de\/index.php?rest_route=\/wp\/v2\/posts\/2544\/revisions"}],"wp:featuredmedia":[{"embeddable":true,"href":"https:\/\/www.svzweckel.de\/index.php?rest_route=\/wp\/v2\/media\/2073"}],"wp:attachment":[{"href":"https:\/\/www.svzweckel.de\/index.php?rest_route=%2Fwp%2Fv2%2Fmedia&parent=2544"}],"wp:term":[{"taxonomy":"category","embeddable":true,"href":"https:\/\/www.svzweckel.de\/index.php?rest_route=%2Fwp%2Fv2%2Fcategories&post=2544"},{"taxonomy":"post_tag","embeddable":true,"href":"https:\/\/www.svzweckel.de\/index.php?rest_route=%2Fwp%2Fv2%2Ftags&post=2544"}],"curies":[{"name":"wp","href":"https:\/\/api.w.org\/{rel}","templated":true}]}}