{"id":2551,"date":"2015-05-04T11:11:21","date_gmt":"2015-05-04T11:11:21","guid":{"rendered":"http:\/\/www.svzweckel.de\/?p=2551"},"modified":"2015-05-04T11:11:21","modified_gmt":"2015-05-04T11:11:21","slug":"endspurt-in-der-zweckeler-jugend","status":"publish","type":"post","link":"https:\/\/www.svzweckel.de\/?p=2551","title":{"rendered":"Endspurt in der Zweckeler Jugend!!!"},"content":{"rendered":"<p>Gleich<strong> 7 Teams<\/strong> der Zweckeler Jugend k\u00f6nnten am Ende der Saison ganz oben stehen!<\/p>\n<p>Die <strong>A-Jugend<\/strong> hat 3 Spieltage vor Schlu\u00df nur 2 Punkte R\u00fcckstand auf den Spitzenreiter aus Horst. Eine sehr starke Saison k\u00f6nnte bei einem Ausrutscher von Horst mit der Meisterschaft gekr\u00f6nt werden.<\/p>\n<p>Die <strong>B-Jugend<\/strong> spielt ebenfalls eine starke Saison. Nach den j\u00fcngsten Erfolgen gegen VFB Kirchhellen(3:1) und den BV Rentfort(2:0) stehen die Gr\u00fcnhemden auf einem gesicherten Mittelfeldplatz und haben das Saisonziel \u00b4Klassenerhalt\u00b4 deutlich erreicht.<\/p>\n<p>Die <strong>C1-Jugend<\/strong> ist 3 Spieltage vor Schlu\u00df mit 6 Punkten Vorsprung Spitzenreiter in der Kreisliga A. Nachdem am Samstag gegen den Tabellenzweiten SSV Buer II ein 1:1 errungen werden konnte, stehen die Chancen auf die Meisterschaft und die daraus resultierende Aufstiegsrunde mehr als gut.<\/p>\n<p>Die <strong>C2-Jugend<\/strong> hat bei noch 3 ausstehenden Spielen 2 Punkte Vorsprung auf Verfolger Viktoria Resse II, die allerdings nur noch 1 Spiel bestreiten. Die Chancen f\u00fcr eine Meisterschaft in der Kreisliga C stehen somit sehr gut.<\/p>\n<p>Die <strong>C3-Jugend<\/strong> spielt eine hervorragende R\u00fcckrunde und belegt in der R\u00fcckrundentabelle den 2.Platz.<\/p>\n<p>Die <strong>D1-Jugend<\/strong> konnte nach dem j\u00fcngsten 4:0 Erfolg beim BV Rentfort die Tabellenf\u00fchrung behaupten. Allerdings sitzt den Gr\u00fcnhemden Hessler 06 im Nacken und es wird vorraussichtlich am letzten Spieltag der gro\u00dfe Showdown im Zweckler K\u00e4fig \u00fcber die Meisterschaft entscheiden.<\/p>\n<p>Die <strong>D2-Jugend<\/strong> musste erst eine Niederlage einstecken und belegt den dritten Tabellenplatz.<\/p>\n<p>Die <strong>D3-Jugend<\/strong> belegt einen Platz im unteren Tabellendrittel, kann aber noch Punkte sammeln und so eine solide Saison beenden. Zwei Spieler konnten durch die gute Entwicklung an die h\u00f6heren Teams gegeben werden.<\/p>\n<p>Die <strong>E1-Jugend<\/strong> steht bei noch 3 ausstehenden Spielen auf dem ersten Tabellenplatz in der Gruppe 2A. Am Samstag kommt es zum vorentscheidenden Spiel gegen den SSV Buer.<\/p>\n<p>Die <strong>E2-Jugend<\/strong> belegt in der Gruppe 2B bei einem Spiel weniger den zweiten Tabellenplatz. Auch hier kommt es am n\u00e4chsten Samstag gegen den SSV Buer II zum vorentscheidenden Spitzenspiel.<\/p>\n<p>Die <strong>E3-Jugend<\/strong> konnte am Samstag das Spitzenspiel in Hessler 06 f\u00fcr sich entscheiden und steht in der Gruppe 1A mit 6 Punkten Vorsprung auf dem ersten Tabellenplatz. Am n\u00e4chsten Spieltag kann die Meisterschaft perfekt gemacht werden.<\/p>\n<p>Die <strong>E4-Jugend<\/strong> hat in der R\u00fcckrunde mit der Gruppe 1B ein schweres Los gezogen. Bisher konnte ein Sieg eingefahren werden und einige Spieler die eine sehr gute Entwicklung nahmen wurden den h\u00f6heren Teams zur Verf\u00fcgung gestellt.<\/p>\n<p>Die <strong>E5-Jugend<\/strong> der Zweckler Jugend belegt aktuell den dritten Tabellenplatz und spielt eine herrausragende Saison.<\/p>\n<p>Die <strong>F1-Jugend<\/strong> nimmt eine klasse Entwicklung. Die Trainer sind vollends zufrienden.<\/p>\n<p>Die <strong>F2-Jugend<\/strong> entwickelt sich in die richtige Richtung. Dennis Wroblewski und Michael G\u00fcnther konnten die Abg\u00e4nge von gleich 5 Spielern, die vom BV Rentfort abgeworben wurden, mittlerweile kompensieren. Ein weiteres Kind wird nach aktiven Abwerbeversuchen die Mannschaft ebenfalls in Richtung Rentfort verlassen.<\/p>\n<p>Die <strong>F3-Jugend<\/strong> entwickelt sich nach anf\u00e4nglichen Schwierigkeiten ebenfalls sehr gut.<\/p>\n<p>Die komplette <strong>G-Jugend<\/strong> der Gr\u00fcnhemden ist mit viel Spa\u00df bei der Sache.<\/p>\n<p>Unser <strong>Fu\u00dfballkindergarten<\/strong> ist mit viel Spa\u00df an der Sache dabei.<\/p>\n<p>&nbsp;<\/p>\n<p>&nbsp;<\/p>\n","protected":false},"excerpt":{"rendered":"<p>Gleich 7 Teams der Zweckeler Jugend k\u00f6nnten am Ende der Saison ganz oben stehen! Die A-Jugend hat 3 Spieltage vor Schlu\u00df nur 2 Punkte R\u00fcckstand auf den Spitzenreiter aus Horst. Eine sehr starke Saison k\u00f6nnte bei einem Ausrutscher von Horst mit der Meisterschaft gekr\u00f6nt werden. Die B-Jugend spielt ebenfalls eine starke Saison. Nach den j\u00fcngsten [&hellip;]<\/p>\n","protected":false},"author":3,"featured_media":2477,"comment_status":"open","ping_status":"open","sticky":false,"template":"","format":"standard","meta":{"_jetpack_memberships_contains_paid_content":false,"footnotes":"","jetpack_publicize_message":"","jetpack_publicize_feature_enabled":true,"jetpack_social_post_already_shared":false,"jetpack_social_options":{"image_generator_settings":{"template":"highway","default_image_id":0,"font":"","enabled":false},"version":2}},"categories":[10],"tags":[],"class_list":["post-2551","post","type-post","status-publish","format-standard","has-post-thumbnail","hentry","category-nachwuchs"],"jetpack_publicize_connections":[],"jetpack_featured_media_url":"https:\/\/i0.wp.com\/www.svzweckel.de\/wp-content\/uploads\/2014\/08\/10984149_494345227398613_2832423494798611784_n.jpg?fit=800%2C533&ssl=1","jetpack_sharing_enabled":true,"_links":{"self":[{"href":"https:\/\/www.svzweckel.de\/index.php?rest_route=\/wp\/v2\/posts\/2551","targetHints":{"allow":["GET"]}}],"collection":[{"href":"https:\/\/www.svzweckel.de\/index.php?rest_route=\/wp\/v2\/posts"}],"about":[{"href":"https:\/\/www.svzweckel.de\/index.php?rest_route=\/wp\/v2\/types\/post"}],"author":[{"embeddable":true,"href":"https:\/\/www.svzweckel.de\/index.php?rest_route=\/wp\/v2\/users\/3"}],"replies":[{"embeddable":true,"href":"https:\/\/www.svzweckel.de\/index.php?rest_route=%2Fwp%2Fv2%2Fcomments&post=2551"}],"version-history":[{"count":0,"href":"https:\/\/www.svzweckel.de\/index.php?rest_route=\/wp\/v2\/posts\/2551\/revisions"}],"wp:featuredmedia":[{"embeddable":true,"href":"https:\/\/www.svzweckel.de\/index.php?rest_route=\/wp\/v2\/media\/2477"}],"wp:attachment":[{"href":"https:\/\/www.svzweckel.de\/index.php?rest_route=%2Fwp%2Fv2%2Fmedia&parent=2551"}],"wp:term":[{"taxonomy":"category","embeddable":true,"href":"https:\/\/www.svzweckel.de\/index.php?rest_route=%2Fwp%2Fv2%2Fcategories&post=2551"},{"taxonomy":"post_tag","embeddable":true,"href":"https:\/\/www.svzweckel.de\/index.php?rest_route=%2Fwp%2Fv2%2Ftags&post=2551"}],"curies":[{"name":"wp","href":"https:\/\/api.w.org\/{rel}","templated":true}]}}