{"id":2587,"date":"2015-05-07T19:53:31","date_gmt":"2015-05-07T19:53:31","guid":{"rendered":"http:\/\/www.svzweckel.de\/?p=2587"},"modified":"2015-05-08T18:06:41","modified_gmt":"2015-05-08T18:06:41","slug":"geschafft-2004er-im-kreispokalfinale","status":"publish","type":"post","link":"https:\/\/www.svzweckel.de\/?p=2587","title":{"rendered":"Geschafft! 2004er im Kreispokalfinale!!!"},"content":{"rendered":"<p>Pokalspiele haben ihre eigenen Gesetze. Das mussten die Gr\u00fcnhemden heute beim Pokalfight erfahren.<\/p>\n<p>Am Donnerstag dem 07.05.2015 reiste der 2004er Jahrgang des SV Zweckel zum Kreispokalhalbfinale zu Blau-Wei\u00df Gelsenkirchen. Bei gutem Wetter wurde auf Asche angepfiffen. Die Gr\u00fcnhemden hatten mit dem k\u00f6rperbetonten und k\u00e4mpferischen Spiel der Gelsenkirchener ihr Probleme. Zus\u00e4tzlich sorgten die ca. 60 Zuschauer f\u00fcr eine hitzige Atmosph\u00e4re am Spielfeldrand, die den Zwecklern arg zusetzte. Auf ungewohntem Untergrund kamen sie zu einigen guten Torchancen, die der gute Schlussmann der Blau-Wei\u00dfen vereiteln konnte. Einige Konter der Gastgeber wurden immer wieder gef\u00e4hrlich. Beide Torh\u00fcter zeichneten sich durch gutes Spiel aus. Der erste Treffer gelang Zweckel in der 30. Minute. Kevin Kanke schob zum 0:1 ein. 4 Minuten sp\u00e4ter in der 34. Minute stand es nach einem Konter pl\u00f6tzlich 1:1. Doch die Zweckeler lie\u00dfen nicht nach und Lenny Theis vollendete einen sch\u00f6nen Spielzug in der 39. Minute nach Vorlage von Mads Liedmeier. 1:2! Die Blau-Wei\u00dfen wurden immer wieder gef\u00e4hrlich und so fiel das 2:2 in der 49. Minute. Es ging in die Verl\u00e4ngerung. Zwei mal 5 Minuten waren zu gehen. In der 57. Minute war es dann Mads Liedmeier, der ein Zuspiel von Lenny Theis von rechts direkt in die Maschen jagte. 2:3 und noch 3 Minuten zu spielen. In der 60. Minute bekam der Gegner noch einen Freisto\u00df zugesprochen. Der Ball landete an der Unterkante der Latte und tupfte auf. Der Schiedsrichter entschied auf Tor und somit ging es ins Neunmeterschie\u00dfen. F\u00fcr Zweckel verwandelten Kevin Kanke, Mads Liedmeier und Efecan Kara. Josefine Osigus konnte gleich 4 Neunmeter parieren und war somit ma\u00dfgeblich am Erfolg beteiligt.<\/p>\n<p>Das Team: Josefine Osigus, Fabian Anlauf, Henrik Dier, Malte Kulmer, Burak G\u00fcnes, Mads Liedmeier, Lenny Theis, Kevin Kanke, Efecan Kara, Timo Zacharias, Julian Twardowski<\/p>\n<p>&nbsp;<\/p>\n<p>Im Finale wartet der VFB Kirchhellen, der gegen den SSV Buer mit 3:0 gewann.<\/p>\n","protected":false},"excerpt":{"rendered":"<p>Pokalspiele haben ihre eigenen Gesetze. Das mussten die Gr\u00fcnhemden heute beim Pokalfight erfahren. Am Donnerstag dem 07.05.2015 reiste der 2004er Jahrgang des SV Zweckel zum Kreispokalhalbfinale zu Blau-Wei\u00df Gelsenkirchen. Bei gutem Wetter wurde auf Asche angepfiffen. Die Gr\u00fcnhemden hatten mit dem k\u00f6rperbetonten und k\u00e4mpferischen Spiel der Gelsenkirchener ihr Probleme. Zus\u00e4tzlich sorgten die ca. 60 Zuschauer [&hellip;]<\/p>\n","protected":false},"author":3,"featured_media":2588,"comment_status":"open","ping_status":"open","sticky":false,"template":"","format":"standard","meta":{"_jetpack_memberships_contains_paid_content":false,"footnotes":"","jetpack_publicize_message":"","jetpack_publicize_feature_enabled":true,"jetpack_social_post_already_shared":false,"jetpack_social_options":{"image_generator_settings":{"template":"highway","default_image_id":0,"font":"","enabled":false},"version":2}},"categories":[10],"tags":[],"class_list":["post-2587","post","type-post","status-publish","format-standard","has-post-thumbnail","hentry","category-nachwuchs"],"jetpack_publicize_connections":[],"jetpack_featured_media_url":"https:\/\/i0.wp.com\/www.svzweckel.de\/wp-content\/uploads\/2015\/05\/11215331_500289910137478_708781319_o1.jpg?fit=800%2C449&ssl=1","jetpack_sharing_enabled":true,"_links":{"self":[{"href":"https:\/\/www.svzweckel.de\/index.php?rest_route=\/wp\/v2\/posts\/2587","targetHints":{"allow":["GET"]}}],"collection":[{"href":"https:\/\/www.svzweckel.de\/index.php?rest_route=\/wp\/v2\/posts"}],"about":[{"href":"https:\/\/www.svzweckel.de\/index.php?rest_route=\/wp\/v2\/types\/post"}],"author":[{"embeddable":true,"href":"https:\/\/www.svzweckel.de\/index.php?rest_route=\/wp\/v2\/users\/3"}],"replies":[{"embeddable":true,"href":"https:\/\/www.svzweckel.de\/index.php?rest_route=%2Fwp%2Fv2%2Fcomments&post=2587"}],"version-history":[{"count":0,"href":"https:\/\/www.svzweckel.de\/index.php?rest_route=\/wp\/v2\/posts\/2587\/revisions"}],"wp:featuredmedia":[{"embeddable":true,"href":"https:\/\/www.svzweckel.de\/index.php?rest_route=\/wp\/v2\/media\/2588"}],"wp:attachment":[{"href":"https:\/\/www.svzweckel.de\/index.php?rest_route=%2Fwp%2Fv2%2Fmedia&parent=2587"}],"wp:term":[{"taxonomy":"category","embeddable":true,"href":"https:\/\/www.svzweckel.de\/index.php?rest_route=%2Fwp%2Fv2%2Fcategories&post=2587"},{"taxonomy":"post_tag","embeddable":true,"href":"https:\/\/www.svzweckel.de\/index.php?rest_route=%2Fwp%2Fv2%2Ftags&post=2587"}],"curies":[{"name":"wp","href":"https:\/\/api.w.org\/{rel}","templated":true}]}}