{"id":2719,"date":"2015-05-21T10:36:01","date_gmt":"2015-05-21T10:36:01","guid":{"rendered":"http:\/\/www.svzweckel.de\/?p=2719"},"modified":"2015-05-21T16:18:37","modified_gmt":"2015-05-21T16:18:37","slug":"zweckler-a-jugend-meister-der-kreisliga-a","status":"publish","type":"post","link":"https:\/\/www.svzweckel.de\/?p=2719","title":{"rendered":"Zweckler A-Jugend, Meister der Kreisliga A!"},"content":{"rendered":"<p>Nach einer schwierigen Saison kann der \u00e4lteste Nachwuchs des SV Zweckel die Meisterschaft feiern.<\/p>\n<p>Mit nur einer Niederlage, drei Unentschieden und einem Torverh\u00e4ltnis von 82:21 konnte nun am letzten Spieltag die verdiente Meisterschaft gefeiert werden. Zus\u00e4tzlich wurde Lukas Tomanek mit 17 Treffern Torsch\u00fctzenk\u00f6nig und man belegt den ersten Platz in der Fairnesstabelle.<\/p>\n<p>Nun geht es in die Aufstiegsrunde zur Bezirksliga. Das Team, Trainer- und Betreuerstab werden in den vier Spielen alles f\u00fcr den Verein und die Stadt Gladbeck geben.<\/p>\n<p>Ein Dank geht auch an die vielen Zweckler Anh\u00e4nger, die das Team gro\u00dfartig unterst\u00fctzt haben.<\/p>\n<p><a href=\"https:\/\/i0.wp.com\/www.svzweckel.de\/wp-content\/uploads\/2015\/05\/11289384_504942009672268_5797846638341215103_o.jpg?ssl=1\"><img data-recalc-dims=\"1\" loading=\"lazy\" decoding=\"async\" class=\"alignnone size-medium wp-image-2722\" src=\"https:\/\/i0.wp.com\/www.svzweckel.de\/wp-content\/uploads\/2015\/05\/11289384_504942009672268_5797846638341215103_o.jpg?resize=300%2C169&#038;ssl=1\" alt=\"11289384_504942009672268_5797846638341215103_o\" width=\"300\" height=\"169\" srcset=\"https:\/\/i0.wp.com\/www.svzweckel.de\/wp-content\/uploads\/2015\/05\/11289384_504942009672268_5797846638341215103_o.jpg?resize=300%2C169&amp;ssl=1 300w, https:\/\/i0.wp.com\/www.svzweckel.de\/wp-content\/uploads\/2015\/05\/11289384_504942009672268_5797846638341215103_o.jpg?resize=1024%2C576&amp;ssl=1 1024w, https:\/\/i0.wp.com\/www.svzweckel.de\/wp-content\/uploads\/2015\/05\/11289384_504942009672268_5797846638341215103_o.jpg?resize=640%2C360&amp;ssl=1 640w, https:\/\/i0.wp.com\/www.svzweckel.de\/wp-content\/uploads\/2015\/05\/11289384_504942009672268_5797846638341215103_o.jpg?resize=150%2C84&amp;ssl=1 150w, https:\/\/i0.wp.com\/www.svzweckel.de\/wp-content\/uploads\/2015\/05\/11289384_504942009672268_5797846638341215103_o.jpg?resize=100%2C56&amp;ssl=1 100w, https:\/\/i0.wp.com\/www.svzweckel.de\/wp-content\/uploads\/2015\/05\/11289384_504942009672268_5797846638341215103_o.jpg?resize=50%2C28&amp;ssl=1 50w, https:\/\/i0.wp.com\/www.svzweckel.de\/wp-content\/uploads\/2015\/05\/11289384_504942009672268_5797846638341215103_o.jpg?resize=25%2C14&amp;ssl=1 25w, https:\/\/i0.wp.com\/www.svzweckel.de\/wp-content\/uploads\/2015\/05\/11289384_504942009672268_5797846638341215103_o.jpg?resize=569%2C320&amp;ssl=1 569w, https:\/\/i0.wp.com\/www.svzweckel.de\/wp-content\/uploads\/2015\/05\/11289384_504942009672268_5797846638341215103_o.jpg?resize=160%2C90&amp;ssl=1 160w, https:\/\/i0.wp.com\/www.svzweckel.de\/wp-content\/uploads\/2015\/05\/11289384_504942009672268_5797846638341215103_o.jpg?w=800&amp;ssl=1 800w\" sizes=\"auto, (max-width: 300px) 100vw, 300px\" \/><\/a><\/p>\n","protected":false},"excerpt":{"rendered":"<p>Nach einer schwierigen Saison kann der \u00e4lteste Nachwuchs des SV Zweckel die Meisterschaft feiern. Mit nur einer Niederlage, drei Unentschieden und einem Torverh\u00e4ltnis von 82:21 konnte nun am letzten Spieltag die verdiente Meisterschaft gefeiert werden. Zus\u00e4tzlich wurde Lukas Tomanek mit 17 Treffern Torsch\u00fctzenk\u00f6nig und man belegt den ersten Platz in der Fairnesstabelle. Nun geht es [&hellip;]<\/p>\n","protected":false},"author":3,"featured_media":2720,"comment_status":"open","ping_status":"open","sticky":false,"template":"","format":"standard","meta":{"_jetpack_memberships_contains_paid_content":false,"footnotes":"","jetpack_publicize_message":"","jetpack_publicize_feature_enabled":true,"jetpack_social_post_already_shared":false,"jetpack_social_options":{"image_generator_settings":{"template":"highway","default_image_id":0,"font":"","enabled":false},"version":2}},"categories":[10],"tags":[],"class_list":["post-2719","post","type-post","status-publish","format-standard","has-post-thumbnail","hentry","category-nachwuchs"],"jetpack_publicize_connections":[],"jetpack_featured_media_url":"https:\/\/i0.wp.com\/www.svzweckel.de\/wp-content\/uploads\/2015\/05\/11295817_504791539687315_2007819040390980802_n.jpg?fit=800%2C600&ssl=1","jetpack_sharing_enabled":true,"_links":{"self":[{"href":"https:\/\/www.svzweckel.de\/index.php?rest_route=\/wp\/v2\/posts\/2719","targetHints":{"allow":["GET"]}}],"collection":[{"href":"https:\/\/www.svzweckel.de\/index.php?rest_route=\/wp\/v2\/posts"}],"about":[{"href":"https:\/\/www.svzweckel.de\/index.php?rest_route=\/wp\/v2\/types\/post"}],"author":[{"embeddable":true,"href":"https:\/\/www.svzweckel.de\/index.php?rest_route=\/wp\/v2\/users\/3"}],"replies":[{"embeddable":true,"href":"https:\/\/www.svzweckel.de\/index.php?rest_route=%2Fwp%2Fv2%2Fcomments&post=2719"}],"version-history":[{"count":0,"href":"https:\/\/www.svzweckel.de\/index.php?rest_route=\/wp\/v2\/posts\/2719\/revisions"}],"wp:featuredmedia":[{"embeddable":true,"href":"https:\/\/www.svzweckel.de\/index.php?rest_route=\/wp\/v2\/media\/2720"}],"wp:attachment":[{"href":"https:\/\/www.svzweckel.de\/index.php?rest_route=%2Fwp%2Fv2%2Fmedia&parent=2719"}],"wp:term":[{"taxonomy":"category","embeddable":true,"href":"https:\/\/www.svzweckel.de\/index.php?rest_route=%2Fwp%2Fv2%2Fcategories&post=2719"},{"taxonomy":"post_tag","embeddable":true,"href":"https:\/\/www.svzweckel.de\/index.php?rest_route=%2Fwp%2Fv2%2Ftags&post=2719"}],"curies":[{"name":"wp","href":"https:\/\/api.w.org\/{rel}","templated":true}]}}