{"id":2740,"date":"2015-05-22T13:48:32","date_gmt":"2015-05-22T13:48:32","guid":{"rendered":"http:\/\/www.svzweckel.de\/?p=2740"},"modified":"2015-05-22T13:53:10","modified_gmt":"2015-05-22T13:53:10","slug":"die-reserve-trifft-am-samstag-auf-den-vfb-kirchhellen","status":"publish","type":"post","link":"https:\/\/www.svzweckel.de\/?p=2740","title":{"rendered":"Die Reserve trifft am Samstag auf den VfB Kirchhellen"},"content":{"rendered":"<p><strong>Samstag, 23.05.15, 15:00 Uhr: SV Zweckel II &#8211; VfB Kirchhellen<\/strong><\/p>\n<p>Bereits am Samstag ist der VfB Kirchhellen im K\u00e4fig an der Dorstener Stra\u00dfe zu Gast. Beide Mannschaften rei\u00dfen zur Zeit keine B\u00e4ume aus und sehnen vermutlich das Ende der Saison herbei. Der SV Zweckel verlor unter der Woche das Nachholspiel gegen den Tabellenvierten Horst 08 II mit 1:3 und ist nach der vorherigen Niederlage gegen FC Gladbeck noch einmal ins untere Tabellenmittelfeld gerutscht. Um jegliche Abstiegs\u00e4ngste zu vertreiben, sollten in den kommenden Spielen zumindest noch drei Punkte gewonnen werden.\u00a0 Da die Abstiegskandidaten noch untereinander spielen und sich somit gegenseitig die Punkte wegnehmen, sollte dieses Minimalziel schon erreicht werden.<\/p>\n<p>Derweil ist der Coach der Zweiten schon in Gespr\u00e4chen mit potenziellen Neuzug\u00e4ngen f\u00fcr die neue Saison, so dass die Reserve des SVZ zuk\u00fcnftig wieder eine etwas bessere Rolle spielen kann. Am Ende einer Saison darf man auch gerne wie ein begossener Pudel aussehen, wenn denn die Meisterschaft errungen wurde (siehe Bild mit Nico Sablowski, Co-Trainer der Reserve und der A-Junioren)<\/p>\n","protected":false},"excerpt":{"rendered":"<p>Samstag, 23.05.15, 15:00 Uhr: SV Zweckel II &#8211; VfB Kirchhellen Bereits am Samstag ist der VfB Kirchhellen im K\u00e4fig an der Dorstener Stra\u00dfe zu Gast. Beide Mannschaften rei\u00dfen zur Zeit keine B\u00e4ume aus und sehnen vermutlich das Ende der Saison herbei. Der SV Zweckel verlor unter der Woche das Nachholspiel gegen den Tabellenvierten Horst 08 [&hellip;]<\/p>\n","protected":false},"author":3,"featured_media":2742,"comment_status":"open","ping_status":"open","sticky":false,"template":"","format":"standard","meta":{"_jetpack_memberships_contains_paid_content":false,"footnotes":"","jetpack_publicize_message":"","jetpack_publicize_feature_enabled":true,"jetpack_social_post_already_shared":false,"jetpack_social_options":{"image_generator_settings":{"template":"highway","default_image_id":0,"font":"","enabled":false},"version":2}},"categories":[20],"tags":[],"class_list":["post-2740","post","type-post","status-publish","format-standard","has-post-thumbnail","hentry","category-2-mannschaft"],"jetpack_publicize_connections":[],"jetpack_featured_media_url":"https:\/\/i0.wp.com\/www.svzweckel.de\/wp-content\/uploads\/2015\/05\/DSCN0545.jpg?fit=800%2C600&ssl=1","jetpack_sharing_enabled":true,"_links":{"self":[{"href":"https:\/\/www.svzweckel.de\/index.php?rest_route=\/wp\/v2\/posts\/2740","targetHints":{"allow":["GET"]}}],"collection":[{"href":"https:\/\/www.svzweckel.de\/index.php?rest_route=\/wp\/v2\/posts"}],"about":[{"href":"https:\/\/www.svzweckel.de\/index.php?rest_route=\/wp\/v2\/types\/post"}],"author":[{"embeddable":true,"href":"https:\/\/www.svzweckel.de\/index.php?rest_route=\/wp\/v2\/users\/3"}],"replies":[{"embeddable":true,"href":"https:\/\/www.svzweckel.de\/index.php?rest_route=%2Fwp%2Fv2%2Fcomments&post=2740"}],"version-history":[{"count":0,"href":"https:\/\/www.svzweckel.de\/index.php?rest_route=\/wp\/v2\/posts\/2740\/revisions"}],"wp:featuredmedia":[{"embeddable":true,"href":"https:\/\/www.svzweckel.de\/index.php?rest_route=\/wp\/v2\/media\/2742"}],"wp:attachment":[{"href":"https:\/\/www.svzweckel.de\/index.php?rest_route=%2Fwp%2Fv2%2Fmedia&parent=2740"}],"wp:term":[{"taxonomy":"category","embeddable":true,"href":"https:\/\/www.svzweckel.de\/index.php?rest_route=%2Fwp%2Fv2%2Fcategories&post=2740"},{"taxonomy":"post_tag","embeddable":true,"href":"https:\/\/www.svzweckel.de\/index.php?rest_route=%2Fwp%2Fv2%2Ftags&post=2740"}],"curies":[{"name":"wp","href":"https:\/\/api.w.org\/{rel}","templated":true}]}}