{"id":2747,"date":"2015-05-24T12:09:39","date_gmt":"2015-05-24T12:09:39","guid":{"rendered":"http:\/\/www.svzweckel.de\/?p=2747"},"modified":"2015-05-24T12:21:00","modified_gmt":"2015-05-24T12:21:00","slug":"wichtiger-sieg-gegen-kirchhellen","status":"publish","type":"post","link":"https:\/\/www.svzweckel.de\/?p=2747","title":{"rendered":"Wichtiger Sieg gegen Kirchhellen"},"content":{"rendered":"<p><strong>SV Zweckel II &#8211; VfB Kirchhellen 4:1 (1:1)<\/strong><\/p>\n<p>Mit diesem Sieg haben sich die Zweckeler wieder weiter ins Mittelfeld der Kreisliga katapultiert und k\u00f6nnen die Planungen f\u00fcr die kommende Saison weiter vorantreiben. Nach verhaltenem Beginn spielten die Zweckeler munter nach vorne und konnten sich einige Torchancen erarbeiten.Doch bereits bereits in der 23. Minute geriet der Gastgeber ins Hintertreffen als David Kulina ein Eigentor unterlief. Nur elf Minuten sp\u00e4ter konnte er die Scharte jedoch wieder wettmachen und erzielte den Ausgleich f\u00fcr die Zweckeler Reserve. F\u00fcr den SV Zweckel traten mit Enes Yigit und Tim Dreisk\u00e4mper auch zwei A-Junioren an. Nach einer langen Verletzung durfte auch Enes Aldirmaz erstmals wieder eine Partie \u00fcber die volle Distanz bestreiten. Au\u00dferdem konnte die Mannschaft von Mike Theis Mit Marc Bahl, dem Co-Trainer der Ersten, einen Spieler mit viel Erfahrung aufbieten.<\/p>\n<p>Das sollte sich nach der Pause auch auszahlen, denn der A-Juniore Enes Yigit brachte die Zweckeler in der 54. Minute mit 2:1 in F\u00fchrung. Nur 9 Minuten sp\u00e4ter sorgte der 40j\u00e4hrige Marc Bahl (siehe Bild) f\u00fcr die Vorentscheidung, als er zum 3:1 traf. Damit war die Partie gelaufen und der SV Zweckel befand sich auf der Siegerstra\u00dfe. Emre &#8222;Hugo&#8220; Alkac machte mit dem 4:1 in der 78. Minute noch den Deckel drauf und stellte damit den Endstand her.<\/p>\n<p>Die Mischung aus Alt und Jung stimmte an diesem Samstag und der SV Zweckel kletterte vorerst wieder auf den 9. Tabellenplatz der Kreisliga A.<\/p>\n","protected":false},"excerpt":{"rendered":"<p>SV Zweckel II &#8211; VfB Kirchhellen 4:1 (1:1) Mit diesem Sieg haben sich die Zweckeler wieder weiter ins Mittelfeld der Kreisliga katapultiert und k\u00f6nnen die Planungen f\u00fcr die kommende Saison weiter vorantreiben. Nach verhaltenem Beginn spielten die Zweckeler munter nach vorne und konnten sich einige Torchancen erarbeiten.Doch bereits bereits in der 23. Minute geriet der [&hellip;]<\/p>\n","protected":false},"author":3,"featured_media":2752,"comment_status":"open","ping_status":"open","sticky":false,"template":"","format":"standard","meta":{"_jetpack_memberships_contains_paid_content":false,"footnotes":"","jetpack_publicize_message":"","jetpack_publicize_feature_enabled":true,"jetpack_social_post_already_shared":false,"jetpack_social_options":{"image_generator_settings":{"template":"highway","default_image_id":0,"font":"","enabled":false},"version":2}},"categories":[20],"tags":[],"class_list":["post-2747","post","type-post","status-publish","format-standard","has-post-thumbnail","hentry","category-2-mannschaft"],"jetpack_publicize_connections":[],"jetpack_featured_media_url":"https:\/\/i0.wp.com\/www.svzweckel.de\/wp-content\/uploads\/2015\/05\/Bahl-Marc.jpg?fit=800%2C534&ssl=1","jetpack_sharing_enabled":true,"_links":{"self":[{"href":"https:\/\/www.svzweckel.de\/index.php?rest_route=\/wp\/v2\/posts\/2747","targetHints":{"allow":["GET"]}}],"collection":[{"href":"https:\/\/www.svzweckel.de\/index.php?rest_route=\/wp\/v2\/posts"}],"about":[{"href":"https:\/\/www.svzweckel.de\/index.php?rest_route=\/wp\/v2\/types\/post"}],"author":[{"embeddable":true,"href":"https:\/\/www.svzweckel.de\/index.php?rest_route=\/wp\/v2\/users\/3"}],"replies":[{"embeddable":true,"href":"https:\/\/www.svzweckel.de\/index.php?rest_route=%2Fwp%2Fv2%2Fcomments&post=2747"}],"version-history":[{"count":0,"href":"https:\/\/www.svzweckel.de\/index.php?rest_route=\/wp\/v2\/posts\/2747\/revisions"}],"wp:featuredmedia":[{"embeddable":true,"href":"https:\/\/www.svzweckel.de\/index.php?rest_route=\/wp\/v2\/media\/2752"}],"wp:attachment":[{"href":"https:\/\/www.svzweckel.de\/index.php?rest_route=%2Fwp%2Fv2%2Fmedia&parent=2747"}],"wp:term":[{"taxonomy":"category","embeddable":true,"href":"https:\/\/www.svzweckel.de\/index.php?rest_route=%2Fwp%2Fv2%2Fcategories&post=2747"},{"taxonomy":"post_tag","embeddable":true,"href":"https:\/\/www.svzweckel.de\/index.php?rest_route=%2Fwp%2Fv2%2Ftags&post=2747"}],"curies":[{"name":"wp","href":"https:\/\/api.w.org\/{rel}","templated":true}]}}