{"id":2762,"date":"2015-05-26T10:28:27","date_gmt":"2015-05-26T10:28:27","guid":{"rendered":"http:\/\/www.svzweckel.de\/?p=2762"},"modified":"2015-05-26T10:28:27","modified_gmt":"2015-05-26T10:28:27","slug":"f1-junioren-ueber-fair-play-in-den-emscher-junior-cup-2015","status":"publish","type":"post","link":"https:\/\/www.svzweckel.de\/?p=2762","title":{"rendered":"F1-Junioren \u00fcber Fair-Play in den Emscher-Junior-Cup 2015"},"content":{"rendered":"<p>Unsere F1-Junioren konnten sich am 23.05.2015 f\u00fcr die Endrunde des Emscher-Junior-Cup 2015 qualifizieren. Am Ende des Turniers belegte das Team den 4. Rang, der f\u00fcr die Qualifikation gereicht h\u00e4tte. Die Turnierleitung entschied, dass die Gr\u00fcnhemden \u00fcber die Fairplaywertung in die Endrunde einziehen und somit der 5. Platz f\u00fcr die Teilnahme an der Endrunde gereicht hat.<\/p>\n<p>Unsere Mannschaft fiel durch das gute Benehmen der Eltern und das beste Trainer-Spielerverh\u00e4ltnis auf. Benjamin Flohr klatschte zum Beispiel bei einem Fallr\u00fcckziehergegentor dem Gegner anerkennend Beifall.<\/p>\n<p>Gro\u00dfes Lob an Trainer, Eltern und Mannschaft. Wieder einmal zeichnete sich ein Zweckler-Jugendteam durch besonders faires Verhalten aus.<\/p>\n","protected":false},"excerpt":{"rendered":"<p>Unsere F1-Junioren konnten sich am 23.05.2015 f\u00fcr die Endrunde des Emscher-Junior-Cup 2015 qualifizieren. Am Ende des Turniers belegte das Team den 4. Rang, der f\u00fcr die Qualifikation gereicht h\u00e4tte. Die Turnierleitung entschied, dass die Gr\u00fcnhemden \u00fcber die Fairplaywertung in die Endrunde einziehen und somit der 5. Platz f\u00fcr die Teilnahme an der Endrunde gereicht hat. [&hellip;]<\/p>\n","protected":false},"author":3,"featured_media":0,"comment_status":"open","ping_status":"open","sticky":false,"template":"","format":"standard","meta":{"_jetpack_memberships_contains_paid_content":false,"footnotes":"","jetpack_publicize_message":"","jetpack_publicize_feature_enabled":true,"jetpack_social_post_already_shared":false,"jetpack_social_options":{"image_generator_settings":{"template":"highway","default_image_id":0,"font":"","enabled":false},"version":2}},"categories":[10],"tags":[],"class_list":["post-2762","post","type-post","status-publish","format-standard","hentry","category-nachwuchs"],"jetpack_publicize_connections":[],"jetpack_featured_media_url":"","jetpack_sharing_enabled":true,"_links":{"self":[{"href":"https:\/\/www.svzweckel.de\/index.php?rest_route=\/wp\/v2\/posts\/2762","targetHints":{"allow":["GET"]}}],"collection":[{"href":"https:\/\/www.svzweckel.de\/index.php?rest_route=\/wp\/v2\/posts"}],"about":[{"href":"https:\/\/www.svzweckel.de\/index.php?rest_route=\/wp\/v2\/types\/post"}],"author":[{"embeddable":true,"href":"https:\/\/www.svzweckel.de\/index.php?rest_route=\/wp\/v2\/users\/3"}],"replies":[{"embeddable":true,"href":"https:\/\/www.svzweckel.de\/index.php?rest_route=%2Fwp%2Fv2%2Fcomments&post=2762"}],"version-history":[{"count":0,"href":"https:\/\/www.svzweckel.de\/index.php?rest_route=\/wp\/v2\/posts\/2762\/revisions"}],"wp:attachment":[{"href":"https:\/\/www.svzweckel.de\/index.php?rest_route=%2Fwp%2Fv2%2Fmedia&parent=2762"}],"wp:term":[{"taxonomy":"category","embeddable":true,"href":"https:\/\/www.svzweckel.de\/index.php?rest_route=%2Fwp%2Fv2%2Fcategories&post=2762"},{"taxonomy":"post_tag","embeddable":true,"href":"https:\/\/www.svzweckel.de\/index.php?rest_route=%2Fwp%2Fv2%2Ftags&post=2762"}],"curies":[{"name":"wp","href":"https:\/\/api.w.org\/{rel}","templated":true}]}}