{"id":2765,"date":"2015-05-26T10:48:13","date_gmt":"2015-05-26T10:48:13","guid":{"rendered":"http:\/\/www.svzweckel.de\/?p=2765"},"modified":"2015-05-26T10:51:46","modified_gmt":"2015-05-26T10:51:46","slug":"dennis-wroblewski-und-julian-danowski-neue-a-jugendtrainer-1516","status":"publish","type":"post","link":"https:\/\/www.svzweckel.de\/?p=2765","title":{"rendered":"Dennis Wroblewski und Julian Danowski neue A-Jugendtrainer 15\/16"},"content":{"rendered":"<p>Dennis Wroblewski und Julian Danowski, beide sind Inhaber der alten C-Lizenz Leistungsfussball, \u00fcbernehmen zur Spielzeit 2015\/2016 den \u00e4ltesten Nachwuchs des SV Zweckel.<\/p>\n<p>Zuletzt trainierte der 36-j\u00e4hrige Wroblewski die erste Mannschaft des SG Preu\u00dfen-Gladbeck und konnte dort den Aufstieg in die Bezirksliga feiern. Wroblewski freut sich einen Zweckelerfahrenen Mann, wie Danowski, an seiner Seite zu haben und hofft auf eine gute Zusammenarbeit im Trainerteam.<\/p>\n<p>Wir w\u00fcnschen dem Trainerteam und der Mannschaft viel Erfolg in der neuen Spielzeit.<\/p>\n","protected":false},"excerpt":{"rendered":"<p>Dennis Wroblewski und Julian Danowski, beide sind Inhaber der alten C-Lizenz Leistungsfussball, \u00fcbernehmen zur Spielzeit 2015\/2016 den \u00e4ltesten Nachwuchs des SV Zweckel. Zuletzt trainierte der 36-j\u00e4hrige Wroblewski die erste Mannschaft des SG Preu\u00dfen-Gladbeck und konnte dort den Aufstieg in die Bezirksliga feiern. Wroblewski freut sich einen Zweckelerfahrenen Mann, wie Danowski, an seiner Seite zu haben [&hellip;]<\/p>\n","protected":false},"author":3,"featured_media":2766,"comment_status":"open","ping_status":"open","sticky":false,"template":"","format":"standard","meta":{"_jetpack_memberships_contains_paid_content":false,"footnotes":"","jetpack_publicize_message":"","jetpack_publicize_feature_enabled":true,"jetpack_social_post_already_shared":false,"jetpack_social_options":{"image_generator_settings":{"template":"highway","default_image_id":0,"font":"","enabled":false},"version":2}},"categories":[26,10],"tags":[],"class_list":["post-2765","post","type-post","status-publish","format-standard","has-post-thumbnail","hentry","category-a-junioren","category-nachwuchs"],"jetpack_publicize_connections":[],"jetpack_featured_media_url":"https:\/\/i0.wp.com\/www.svzweckel.de\/wp-content\/uploads\/2015\/05\/11234857_506894216143714_2598242786844800610_o.jpg?fit=800%2C449&ssl=1","jetpack_sharing_enabled":true,"_links":{"self":[{"href":"https:\/\/www.svzweckel.de\/index.php?rest_route=\/wp\/v2\/posts\/2765","targetHints":{"allow":["GET"]}}],"collection":[{"href":"https:\/\/www.svzweckel.de\/index.php?rest_route=\/wp\/v2\/posts"}],"about":[{"href":"https:\/\/www.svzweckel.de\/index.php?rest_route=\/wp\/v2\/types\/post"}],"author":[{"embeddable":true,"href":"https:\/\/www.svzweckel.de\/index.php?rest_route=\/wp\/v2\/users\/3"}],"replies":[{"embeddable":true,"href":"https:\/\/www.svzweckel.de\/index.php?rest_route=%2Fwp%2Fv2%2Fcomments&post=2765"}],"version-history":[{"count":0,"href":"https:\/\/www.svzweckel.de\/index.php?rest_route=\/wp\/v2\/posts\/2765\/revisions"}],"wp:featuredmedia":[{"embeddable":true,"href":"https:\/\/www.svzweckel.de\/index.php?rest_route=\/wp\/v2\/media\/2766"}],"wp:attachment":[{"href":"https:\/\/www.svzweckel.de\/index.php?rest_route=%2Fwp%2Fv2%2Fmedia&parent=2765"}],"wp:term":[{"taxonomy":"category","embeddable":true,"href":"https:\/\/www.svzweckel.de\/index.php?rest_route=%2Fwp%2Fv2%2Fcategories&post=2765"},{"taxonomy":"post_tag","embeddable":true,"href":"https:\/\/www.svzweckel.de\/index.php?rest_route=%2Fwp%2Fv2%2Ftags&post=2765"}],"curies":[{"name":"wp","href":"https:\/\/api.w.org\/{rel}","templated":true}]}}