{"id":2769,"date":"2015-05-27T10:59:42","date_gmt":"2015-05-27T10:59:42","guid":{"rendered":"http:\/\/www.svzweckel.de\/?p=2769"},"modified":"2015-05-28T11:13:06","modified_gmt":"2015-05-28T11:13:06","slug":"willy-caspers-wird-sportlicher-leiter-der-jugend-und-neuer-c1-trainer","status":"publish","type":"post","link":"https:\/\/www.svzweckel.de\/?p=2769","title":{"rendered":"Willy Kaspers wird sportlicher Leiter der Jugend und neuer C1-Trainer!"},"content":{"rendered":"<p>Nach einigen Jahren konnte der SV Zweckel, <strong>Willy Kaspers<\/strong> f\u00fcr seine Jugendabteilung zur\u00fcckgewinnen. Der A-Lizenzinhaber verlie\u00df Zweckel Richtung Rot-Wei\u00df Oberhausen wo er f\u00fcr die U14 und U12 verantwortlich war.<\/p>\n<p>Als sportlicher Leiter wird er unter anderem f\u00fcr folgende Aufgaben zust\u00e4ndig sein:<\/p>\n<p>Der sportlicher Leiter besch\u00e4ftigt sich mit der Qualit\u00e4tssicherung und Weiterentwicklung des sportlichen Angebots der Jugend.<\/p>\n<p>Er ist regelm\u00e4\u00dfig am Sportplatz pr\u00e4sent und ist eine Kontaktperson f\u00fcr Spieler, Trainer, Eltern, Senioren, Sponsoren und andere Vereine.<\/p>\n<p>Er organisiert die regelm\u00e4\u00dfig stattfindenden Trainersitzungen und k\u00fcmmert sich um Trainerfortbildungen.<\/p>\n<p>Wir freuen uns einen so hoch qualifizierten und erfahrenen Trainer in unseren Reihen begr\u00fc\u00dfen zu d\u00fcrfen.<\/p>\n<p>F\u00fcr weitere Informationen zur Person Willy Kaspers besuchen sie seine Internetseite.<\/p>\n<p style=\"text-align: center;\"><span style=\"font-size: 18pt;\"><strong>&#8211;&gt; <a href=\"http:\/\/www.dnfi.eu\/DNFI\/index.php\">www.dnfi.eu<\/a> &lt;&#8211;<\/strong><\/span><\/p>\n","protected":false},"excerpt":{"rendered":"<p>Nach einigen Jahren konnte der SV Zweckel, Willy Kaspers f\u00fcr seine Jugendabteilung zur\u00fcckgewinnen. Der A-Lizenzinhaber verlie\u00df Zweckel Richtung Rot-Wei\u00df Oberhausen wo er f\u00fcr die U14 und U12 verantwortlich war. Als sportlicher Leiter wird er unter anderem f\u00fcr folgende Aufgaben zust\u00e4ndig sein: Der sportlicher Leiter besch\u00e4ftigt sich mit der Qualit\u00e4tssicherung und Weiterentwicklung des sportlichen Angebots der [&hellip;]<\/p>\n","protected":false},"author":3,"featured_media":2773,"comment_status":"open","ping_status":"open","sticky":false,"template":"","format":"standard","meta":{"_jetpack_memberships_contains_paid_content":false,"footnotes":"","jetpack_publicize_message":"","jetpack_publicize_feature_enabled":true,"jetpack_social_post_already_shared":false,"jetpack_social_options":{"image_generator_settings":{"template":"highway","default_image_id":0,"font":"","enabled":false},"version":2}},"categories":[28,10,1],"tags":[],"class_list":["post-2769","post","type-post","status-publish","format-standard","has-post-thumbnail","hentry","category-c-junioren","category-nachwuchs","category-uncategorized"],"jetpack_publicize_connections":[],"jetpack_featured_media_url":"https:\/\/i0.wp.com\/www.svzweckel.de\/wp-content\/uploads\/2015\/05\/234.jpg?fit=646%2C600&ssl=1","jetpack_sharing_enabled":true,"_links":{"self":[{"href":"https:\/\/www.svzweckel.de\/index.php?rest_route=\/wp\/v2\/posts\/2769","targetHints":{"allow":["GET"]}}],"collection":[{"href":"https:\/\/www.svzweckel.de\/index.php?rest_route=\/wp\/v2\/posts"}],"about":[{"href":"https:\/\/www.svzweckel.de\/index.php?rest_route=\/wp\/v2\/types\/post"}],"author":[{"embeddable":true,"href":"https:\/\/www.svzweckel.de\/index.php?rest_route=\/wp\/v2\/users\/3"}],"replies":[{"embeddable":true,"href":"https:\/\/www.svzweckel.de\/index.php?rest_route=%2Fwp%2Fv2%2Fcomments&post=2769"}],"version-history":[{"count":0,"href":"https:\/\/www.svzweckel.de\/index.php?rest_route=\/wp\/v2\/posts\/2769\/revisions"}],"wp:featuredmedia":[{"embeddable":true,"href":"https:\/\/www.svzweckel.de\/index.php?rest_route=\/wp\/v2\/media\/2773"}],"wp:attachment":[{"href":"https:\/\/www.svzweckel.de\/index.php?rest_route=%2Fwp%2Fv2%2Fmedia&parent=2769"}],"wp:term":[{"taxonomy":"category","embeddable":true,"href":"https:\/\/www.svzweckel.de\/index.php?rest_route=%2Fwp%2Fv2%2Fcategories&post=2769"},{"taxonomy":"post_tag","embeddable":true,"href":"https:\/\/www.svzweckel.de\/index.php?rest_route=%2Fwp%2Fv2%2Ftags&post=2769"}],"curies":[{"name":"wp","href":"https:\/\/api.w.org\/{rel}","templated":true}]}}